{"id":100299,"date":"2025-03-07T09:42:07","date_gmt":"2025-03-07T12:42:07","guid":{"rendered":"https:\/\/tvc16.com\/portal\/?p=100299"},"modified":"2025-03-07T09:42:09","modified_gmt":"2025-03-07T12:42:09","slug":"carnaval-movimentou-r-65-bilhoes-no-estado-do-rio-de-janeiro","status":"publish","type":"post","link":"https:\/\/tvc16.com\/portal\/2025\/03\/07\/carnaval-movimentou-r-65-bilhoes-no-estado-do-rio-de-janeiro\/","title":{"rendered":"Carnaval movimentou R$ 6,5 bilh\u00f5es no estado do Rio de Janeiro"},"content":{"rendered":"\n<p><em>Houve queda de 64% nos furtos a pedestres em rela\u00e7\u00e3o a 2024<\/em><\/p>\n\n\n\n<p>Por Ana Cristina Campos &#8211; Rep\u00f3rter da Ag\u00eancia Brasil \/ Foto: Tomaz Silva\/Ag\u00eancia Brasil<\/p>\n\n\n\n<p><\/p>\n\n\n\n<p><strong>O carnaval no Rio de Janeiro teve mais de 8 milh\u00f5es de foli\u00f5es que movimentaram R$ 6,5 bilh\u00f5es<\/strong>, sendo cerca de R$ 5 bilh\u00f5es apenas na capital fluminense. A informa\u00e7\u00e3o \u00e9 da Secretaria estadual de Turismo.<img decoding=\"async\" src=\"https:\/\/agenciabrasil.ebc.com.br\/ebc.png?id=1633515&amp;o=node\"><img decoding=\"async\" src=\"https:\/\/agenciabrasil.ebc.com.br\/ebc.gif?id=1633515&amp;o=node\"><\/p>\n\n\n\n<blockquote class=\"wp-block-quote is-layout-flow wp-block-quote-is-layout-flow\">\n<p>\u201cRecebemos [turistas de] 160 pa\u00edses. Foi um carnaval at\u00edpico positivamente em rela\u00e7\u00e3o ao ano passado. Tivemos uma ocupa\u00e7\u00e3o hoteleira de 98,6%, tamb\u00e9m hist\u00f3rica. No interior do estado, tamb\u00e9m tivemos uma ocupa\u00e7\u00e3o hist\u00f3rica de 87% no setor de hot\u00e9is\u201d, disse Nilo F\u00e9lix, subsecret\u00e1rio de Turismo.<\/p>\n<\/blockquote>\n\n\n<div class=\"wp-block-image\">\n<figure class=\"alignright\"><img decoding=\"async\" src=\"https:\/\/imagens.ebc.com.br\/1A2k6OeEHxTxdxw4T5anPQNQQ0w=\/463x0\/smart\/https:\/\/agenciabrasil.ebc.com.br\/sites\/default\/files\/thumbnails\/image\/2025\/03\/06\/toms7346.jpg?itok=-GwNFmHE\" alt=\"Rio de Janeiro (RJ), 06\/03\/2025 \u2013 O subsecret\u00e1rio de Estado de Turismo, Nilo F\u00e9lix durante apresenta\u00e7\u00e3o de balan\u00e7o do esquema especial realizado durante o Carnaval, no Centro Integrado de Comando e Controle (CICC), na Cidade Nova, no Rio de Janeiro. Foto: Tomaz Silva\/Ag\u00eancia Brasil\" title=\"Tomaz Silva\/Ag\u00eancia Brasil\"\/><figcaption class=\"wp-element-caption\"><em>Subsecret\u00e1rio de Estado de Turismo, Nilo F\u00e9lix, disse que foi um carnaval at\u00edpico positivamente em rela\u00e7\u00e3o a 2024 &#8211; <strong>Foto: Tomaz Silva\/Ag\u00eancia Brasil<\/strong><\/em><\/figcaption><\/figure>\n<\/div>\n\n\n<h2 class=\"wp-block-heading\">Seguran\u00e7a P\u00fablica<\/h2>\n\n\n\n<p>Segundo a Secretaria de Seguran\u00e7a P\u00fablica,&nbsp;<strong>houve queda de 64% nos furtos a pedestres na cidade em rela\u00e7\u00e3o ao carnaval de 2024<\/strong>; queda de 9% de crimes de letalidade violenta; 25% a menos de roubo de rua e 33% a menos de roubo de ve\u00edculo.<\/p>\n\n\n\n<p>A Pol\u00edcia Militar informou que&nbsp;<strong>foram efetuadas 503 pris\u00f5es em todo o estado<\/strong>, com 69 mandados de pris\u00e3o cumpridos e dez pessoas presas, identificadas pelo sistema de reconhecimento facial.&nbsp;<\/p>\n\n\n\n<blockquote class=\"wp-block-quote is-layout-flow wp-block-quote-is-layout-flow\">\n<p>\u201cQuero destacar o emprego maci\u00e7o de tecnologia e o trabalho de policiais militares e civis que foram fundamentais nas ruas\u201d, comemorou o comandante da PM, coronel Marcelo de Menezes.<\/p>\n<\/blockquote>\n\n\n\n<p>De acordo com o Corpo de Bombeiros, foram feitos 556 salvamentos mar\u00edtimos.&nbsp;<strong>Tamb\u00e9m houve o combate a 1.165 inc\u00eandios florestais.<\/strong>&nbsp;<\/p>\n\n\n<div class=\"wp-block-image\">\n<figure class=\"alignleft\"><img decoding=\"async\" src=\"https:\/\/imagens.ebc.com.br\/DMD9_HH8SD5iPGhho16RmkbDJBM=\/463x0\/smart\/https:\/\/agenciabrasil.ebc.com.br\/sites\/default\/files\/thumbnails\/image\/2025\/03\/06\/toms7309.jpg?itok=UxshFfpy\" alt=\"Rio de Janeiro (RJ), 06\/03\/2025 \u2013 O secret\u00e1rio de Estado de Defesa Civil, Tarciso Salles durante apresenta\u00e7\u00e3o de balan\u00e7o do esquema especial realizado durante o Carnaval, no Centro Integrado de Comando e Controle (CICC), na Cidade Nova, no Rio de Janeiro. Foto: Tomaz Silva\/Ag\u00eancia Brasil\" title=\"Tomaz Silva\/Ag\u00eancia Brasil\"\/><figcaption class=\"wp-element-caption\"><em>Comandante Tarciso Salles considerou at\u00edpico nesse per\u00edodo do ano uma quantidade de inc\u00eandios t\u00e3o grande durante &#8211; <strong>Foto: Tomaz Silva\/Ag\u00eancia Brasil<\/strong><\/em><\/figcaption><\/figure>\n<\/div>\n\n\n<blockquote class=\"wp-block-quote is-layout-flow wp-block-quote-is-layout-flow\">\n<p>\u201c\u00c9 at\u00edpico nesse per\u00edodo do ano uma quantidade de inc\u00eandios t\u00e3o grande. Ontem (quarta-feira), tivemos simultaneamente 42 focos de inc\u00eandios florestais. Isso representa aumento de 360% em rela\u00e7\u00e3o ao mesmo per\u00edodo do ano passado\u201d, disse o comandante da corpora\u00e7\u00e3o, Tarciso Salles.<\/p>\n<\/blockquote>\n\n\n\n<p>No tr\u00e2nsito,&nbsp;<strong>dos 5.629 motoristas abordados, 985 foram autuados por alcoolemia<\/strong>&nbsp;e 2.366 por infra\u00e7\u00f5es diversas, segundo o Seguran\u00e7a Presente.<\/p>\n\n\n\n<h2 class=\"wp-block-heading\">Sa\u00fade<\/h2>\n\n\n\n<p>Segundo a Secretaria estadual de Sa\u00fade, o&nbsp;<strong>Samu teve aumento de quase 20% no atendimento de ocorr\u00eancias na capital<\/strong>. Foram 3.107, 19,2% a mais em rela\u00e7\u00e3o ao carnaval de 2024. As UPAs estaduais fizeram 33.008 atendimentos, 13% a menos que no ano passado.<\/p>\n\n\n\n<p><strong>Os agentes do Procon descartaram 50 quilos de alimentos vencidos em dois camarotes<\/strong>&nbsp;na Avenida Marqu\u00eas de Sapuca\u00ed, que foram autuados.<br><\/p>\n","protected":false},"excerpt":{"rendered":"<p>Houve queda de 64% nos furtos a pedestres em rela\u00e7\u00e3o a 2024 Por Ana Cristina<\/p>\n","protected":false},"author":2,"featured_media":100300,"comment_status":"open","ping_status":"open","sticky":false,"template":"","format":"standard","meta":{"footnotes":""},"categories":[17],"tags":[],"class_list":["post-100299","post","type-post","status-publish","format-standard","has-post-thumbnail","hentry","category-outras-noticias"],"_links":{"self":[{"href":"https:\/\/tvc16.com\/portal\/wp-json\/wp\/v2\/posts\/100299","targetHints":{"allow":["GET"]}}],"collection":[{"href":"https:\/\/tvc16.com\/portal\/wp-json\/wp\/v2\/posts"}],"about":[{"href":"https:\/\/tvc16.com\/portal\/wp-json\/wp\/v2\/types\/post"}],"author":[{"embeddable":true,"href":"https:\/\/tvc16.com\/portal\/wp-json\/wp\/v2\/users\/2"}],"replies":[{"embeddable":true,"href":"https:\/\/tvc16.com\/portal\/wp-json\/wp\/v2\/comments?post=100299"}],"version-history":[{"count":1,"href":"https:\/\/tvc16.com\/portal\/wp-json\/wp\/v2\/posts\/100299\/revisions"}],"predecessor-version":[{"id":100301,"href":"https:\/\/tvc16.com\/portal\/wp-json\/wp\/v2\/posts\/100299\/revisions\/100301"}],"wp:featuredmedia":[{"embeddable":true,"href":"https:\/\/tvc16.com\/portal\/wp-json\/wp\/v2\/media\/100300"}],"wp:attachment":[{"href":"https:\/\/tvc16.com\/portal\/wp-json\/wp\/v2\/media?parent=100299"}],"wp:term":[{"taxonomy":"category","embeddable":true,"href":"https:\/\/tvc16.com\/portal\/wp-json\/wp\/v2\/categories?post=100299"},{"taxonomy":"post_tag","embeddable":true,"href":"https:\/\/tvc16.com\/portal\/wp-json\/wp\/v2\/tags?post=100299"}],"curies":[{"name":"wp","href":"https:\/\/api.w.org\/{rel}","templated":true}]}}