{"id":10030,"date":"2021-01-30T13:56:20","date_gmt":"2021-01-30T16:56:20","guid":{"rendered":"https:\/\/tvc16.com\/portal\/?p=10030"},"modified":"2021-02-03T10:02:18","modified_gmt":"2021-02-03T13:02:18","slug":"nesta-semana-foi-debatido-o-tema-protecao-das-capivaras-em-petropolis-iniciativa-partiu-do-ministerio-publico-federal","status":"publish","type":"post","link":"https:\/\/tvc16.com\/portal\/2021\/01\/30\/nesta-semana-foi-debatido-o-tema-protecao-das-capivaras-em-petropolis-iniciativa-partiu-do-ministerio-publico-federal\/","title":{"rendered":"Nesta semana foi debatido o tema: prote\u00e7\u00e3o das capivaras em Petr\u00f3polis. Iniciativa partiu do Minist\u00e9rio P\u00fablico Federal"},"content":{"rendered":"\n<p>A Procuradora da Rep\u00fablica, Vanessa Seguezzi se reuniu com a CPTRANS, a Secretaria de Meio Ambiente, o Iphan e o Instituto Chico Mendes de Conserva\u00e7\u00e3o da Biodiversidade \u2013 ICMBIO e o vereador  Domingos Galante para debater sobre prote\u00e7\u00e3o das capivaras na Cidade. A reuni\u00e3o teve como objetivo apontar os locais onde este animal mais se concentra e buscar formas de desvi\u00e1-las do tr\u00e2nsito para minimizar e evitar acidentes.<\/p>\n\n\n\n<p>A iniciativa partiu do Minist\u00e9rio P\u00fablico Federal, que convidou o vereador, que hoje preside a Comiss\u00e3o de Meio Ambiente, Defesa Civil e Prote\u00e7\u00e3o Animal, para a conversa. \u201cExpliquei qual o ciclo de reprodu\u00e7\u00e3o destes animais silvestres, locais onde se concentram e o motivo pelo qual ficam na beira dos rios. \u00c9 importante entendermos que elas s\u00e3o v\u00edtimas e n\u00e3o s\u00e3o agressivas, somente defendem a si e suas crias. Temos que proteg\u00ea-las at\u00e9 mesmo para evitar acidentes n\u00e3o s\u00f3 com as capivaras, como tamb\u00e9m com pessoas\u201d, explicou o vereador. <\/p>\n\n\n\n<p>Ficou decidido que no dia 5 de mar\u00e7o haver\u00e1 uma vistoria nos locais indicados para que seja estudada uma forma de desvio das capivaras. \u201cProvavelmente, ser\u00e1 um desvio natural ou com gradis dentro dos rios para que elas andem por um local mais seguro e n\u00e3o cheguem at\u00e9 o tr\u00e2nsito\u201d, finaliza o vereador.&nbsp;<\/p>\n\n\n\n<figure class=\"wp-block-image size-large\"><img decoding=\"async\" src=\"https:\/\/tvc16.com\/portal\/wp-content\/uploads\/2021\/01\/images-3-9.jpeg\" alt=\"\" class=\"wp-image-10031\"\/><\/figure>\n","protected":false},"excerpt":{"rendered":"<p>A Procuradora da Rep\u00fablica, Vanessa Seguezzi se reuniu com a CPTRANS, a Secretaria de Meio<\/p>\n","protected":false},"author":2,"featured_media":10032,"comment_status":"open","ping_status":"open","sticky":false,"template":"","format":"standard","meta":{"footnotes":""},"categories":[12],"tags":[],"class_list":["post-10030","post","type-post","status-publish","format-standard","has-post-thumbnail","hentry","category-cidade"],"_links":{"self":[{"href":"https:\/\/tvc16.com\/portal\/wp-json\/wp\/v2\/posts\/10030","targetHints":{"allow":["GET"]}}],"collection":[{"href":"https:\/\/tvc16.com\/portal\/wp-json\/wp\/v2\/posts"}],"about":[{"href":"https:\/\/tvc16.com\/portal\/wp-json\/wp\/v2\/types\/post"}],"author":[{"embeddable":true,"href":"https:\/\/tvc16.com\/portal\/wp-json\/wp\/v2\/users\/2"}],"replies":[{"embeddable":true,"href":"https:\/\/tvc16.com\/portal\/wp-json\/wp\/v2\/comments?post=10030"}],"version-history":[{"count":2,"href":"https:\/\/tvc16.com\/portal\/wp-json\/wp\/v2\/posts\/10030\/revisions"}],"predecessor-version":[{"id":10094,"href":"https:\/\/tvc16.com\/portal\/wp-json\/wp\/v2\/posts\/10030\/revisions\/10094"}],"wp:featuredmedia":[{"embeddable":true,"href":"https:\/\/tvc16.com\/portal\/wp-json\/wp\/v2\/media\/10032"}],"wp:attachment":[{"href":"https:\/\/tvc16.com\/portal\/wp-json\/wp\/v2\/media?parent=10030"}],"wp:term":[{"taxonomy":"category","embeddable":true,"href":"https:\/\/tvc16.com\/portal\/wp-json\/wp\/v2\/categories?post=10030"},{"taxonomy":"post_tag","embeddable":true,"href":"https:\/\/tvc16.com\/portal\/wp-json\/wp\/v2\/tags?post=10030"}],"curies":[{"name":"wp","href":"https:\/\/api.w.org\/{rel}","templated":true}]}}