{"id":100302,"date":"2025-03-07T09:46:44","date_gmt":"2025-03-07T12:46:44","guid":{"rendered":"https:\/\/tvc16.com\/portal\/?p=100302"},"modified":"2025-03-07T09:46:46","modified_gmt":"2025-03-07T12:46:46","slug":"parque-cremerie-recebeu-milhares-de-pessoas-no-carnaval-e-ofereceu-diversao-para-toda-a-familia","status":"publish","type":"post","link":"https:\/\/tvc16.com\/portal\/2025\/03\/07\/parque-cremerie-recebeu-milhares-de-pessoas-no-carnaval-e-ofereceu-diversao-para-toda-a-familia\/","title":{"rendered":"Parque Cremerie recebeu milhares de pessoas no Carnaval e ofereceu divers\u00e3o para toda a fam\u00edlia"},"content":{"rendered":"\n<p>Durante o feriado prolongado de Carnaval, entre os dias 1 e 4 de mar\u00e7o, o Parque Cremerie, se tornou um dos principais destinos de lazer para moradores e visitantes com uma programa\u00e7\u00e3o especial preparada pela Prefeitura de Petr\u00f3polis. Sob a responsabilidade da Secretaria de Meio Ambiente, o parque recebeu aproximadamente 5,8 mil pessoas no quatro dias de folia. Com uma variedade de atra\u00e7\u00f5es para todas as idades, o evento transformou o espa\u00e7o em um ambiente de alegria e conviv\u00eancia para toda a fam\u00edlia.<\/p>\n\n\n\n<p>O Carnaval no Parque Cremerie foi marcado por apresenta\u00e7\u00f5es musicais, como a Matin\u00e9e com DJ e o Trio de Marchinhas de Carnaval, que garantiram um clima animado e festivo ao longo dos quatro dias de evento. As tradicionais m\u00fasicas de Carnaval ecoaram pelo parque, levando o p\u00fablico a dan\u00e7ar e se divertir. O prefeito Hingo Hammes, ressaltou a import\u00e2ncia do evento para a cidade. \u201cO Parque Cremerie \u00e9 um espa\u00e7o que buscamos cada vez mais democratizar. Proporcionar um Carnaval gratuito, com atividades para todas as idades e fam\u00edlias inteiras, \u00e9 uma forma de fortalecer o nosso compromisso com a popula\u00e7\u00e3o. Fico feliz em ver a grande participa\u00e7\u00e3o da comunidade e o sucesso dessa iniciativa\u201d, afirmou.<\/p>\n\n\n\n<p>A programa\u00e7\u00e3o tamb\u00e9m contou com diversas atividades recreativas, como a Batalha de Confete e Serpentina, que fez a alegria das crian\u00e7as, al\u00e9m de pintura facial para os pequenos e m\u00e1quinas de bolinhas de sab\u00e3o, que encantaram todos os visitantes com um cen\u00e1rio l\u00fadico e colorido. Jogos e brincadeiras de dan\u00e7a com animadores tamb\u00e9m foram parte das atra\u00e7\u00f5es, proporcionando divers\u00e3o e intera\u00e7\u00e3o para os presentes. Al\u00e9m disso, o parque distribuiu m\u00e1scaras e acess\u00f3rios de Carnaval, completando o visual de quem passou por l\u00e1.<\/p>\n\n\n\n<p>O vice-prefeito e secret\u00e1rio de Meio Ambiente, Albano Filho, o Baninho, destacou que o objetivo da secretaria sempre foi tornar o Parque Cremerie um local de lazer acess\u00edvel para todos. &#8220;Durante o Carnaval, conseguimos unir o esp\u00edrito festivo da cidade com a preserva\u00e7\u00e3o ambiental e a divers\u00e3o em um ambiente natural. Ver tantas pessoas aproveitando as atividades e se divertindo \u00e9 extremamente gratificante\u201d, declarou o secret\u00e1rio.<\/p>\n\n\n\n<p>A movimenta\u00e7\u00e3o no parque durante o feriado, para Baninho, \u00e9 um reflexo da ades\u00e3o da popula\u00e7\u00e3o a essa iniciativa cultural. Ele ressalta que as fam\u00edlias aproveitaram a infraestrutura do local e participaram das diversas atividades programadas. &#8220;O evento proporcionou uma experi\u00eancia de lazer que uniu o tradicional Carnaval com o encanto natural do parque, criando um ambiente perfeito para todos. Al\u00e9m disso, \u00c9 importante lembrar que as atividades no Parque Cremerie n\u00e3o se limitam apenas ao Carnaval. Este \u00e9 um espa\u00e7o que queremos tornar cada vez mais atrativo e acess\u00edvel ao p\u00fablico durante todo o ano\u201d, finalizou o secret\u00e1rio.<\/p>\n","protected":false},"excerpt":{"rendered":"<p>Durante o feriado prolongado de Carnaval, entre os dias 1 e 4 de mar\u00e7o, o<\/p>\n","protected":false},"author":2,"featured_media":100303,"comment_status":"open","ping_status":"open","sticky":false,"template":"","format":"standard","meta":{"footnotes":""},"categories":[12],"tags":[],"class_list":["post-100302","post","type-post","status-publish","format-standard","has-post-thumbnail","hentry","category-cidade"],"_links":{"self":[{"href":"https:\/\/tvc16.com\/portal\/wp-json\/wp\/v2\/posts\/100302","targetHints":{"allow":["GET"]}}],"collection":[{"href":"https:\/\/tvc16.com\/portal\/wp-json\/wp\/v2\/posts"}],"about":[{"href":"https:\/\/tvc16.com\/portal\/wp-json\/wp\/v2\/types\/post"}],"author":[{"embeddable":true,"href":"https:\/\/tvc16.com\/portal\/wp-json\/wp\/v2\/users\/2"}],"replies":[{"embeddable":true,"href":"https:\/\/tvc16.com\/portal\/wp-json\/wp\/v2\/comments?post=100302"}],"version-history":[{"count":1,"href":"https:\/\/tvc16.com\/portal\/wp-json\/wp\/v2\/posts\/100302\/revisions"}],"predecessor-version":[{"id":100304,"href":"https:\/\/tvc16.com\/portal\/wp-json\/wp\/v2\/posts\/100302\/revisions\/100304"}],"wp:featuredmedia":[{"embeddable":true,"href":"https:\/\/tvc16.com\/portal\/wp-json\/wp\/v2\/media\/100303"}],"wp:attachment":[{"href":"https:\/\/tvc16.com\/portal\/wp-json\/wp\/v2\/media?parent=100302"}],"wp:term":[{"taxonomy":"category","embeddable":true,"href":"https:\/\/tvc16.com\/portal\/wp-json\/wp\/v2\/categories?post=100302"},{"taxonomy":"post_tag","embeddable":true,"href":"https:\/\/tvc16.com\/portal\/wp-json\/wp\/v2\/tags?post=100302"}],"curies":[{"name":"wp","href":"https:\/\/api.w.org\/{rel}","templated":true}]}}