{"id":100313,"date":"2025-03-07T09:59:42","date_gmt":"2025-03-07T12:59:42","guid":{"rendered":"https:\/\/tvc16.com\/portal\/?p=100313"},"modified":"2025-03-07T09:59:44","modified_gmt":"2025-03-07T12:59:44","slug":"homem-e-preso-em-flagrante-por-violencia-domestica-contra-ex-companheira","status":"publish","type":"post","link":"https:\/\/tvc16.com\/portal\/2025\/03\/07\/homem-e-preso-em-flagrante-por-violencia-domestica-contra-ex-companheira\/","title":{"rendered":"Homem \u00e9 preso em flagrante por viol\u00eancia dom\u00e9stica contra ex-companheira"},"content":{"rendered":"\n<p>Agentes da 105\u00aa DP (Petr\u00f3polis) prenderam, nesta quarta-feira (05\/03), um homem acusado de viol\u00eancia dom\u00e9stica contra sua ex-companheira. Ele foi localizado e detido no bairro Alto da Serra, no momento em que trabalhava em uma obra.<\/p>\n\n\n\n<p>A a\u00e7\u00e3o ocorreu ap\u00f3s a v\u00edtima comparecer \u00e0 unidade e relatar que seu ex-companheiro havia invadido sua casa, a amea\u00e7ando de morte e xingando. Ainda de acordo com a mulher, ela ainda foi empurrada contra a parede, agress\u00e3o essa que foi gravada por c\u00e2meras de monitoramento. De imediato, uma equipe policial realizou buscas e capturou o autor.<\/p>\n\n\n\n<p>Na delegacia, questionado, o autor confessou os crimes. Ele foi autuado pelos crimes de viola\u00e7\u00e3o de domic\u00edlio, amea\u00e7a, inj\u00faria e vias de fato. Ap\u00f3s pesquisas nos sistemas, os policiais descobriram que o acusado, xingou e agrediu fisicamente a mesma v\u00edtima no final de 2024. Na \u00e9poca, foi instaurado um Inqu\u00e9rito na 105\u00aaDP e solicitadas medidas protetivas, entretanto, a Justi\u00e7a n\u00e3o conseguiu dar ci\u00eancia do ato ao autor.<\/p>\n","protected":false},"excerpt":{"rendered":"<p>Agentes da 105\u00aa DP (Petr\u00f3polis) prenderam, nesta quarta-feira (05\/03), um homem acusado de viol\u00eancia dom\u00e9stica<\/p>\n","protected":false},"author":2,"featured_media":88324,"comment_status":"open","ping_status":"open","sticky":false,"template":"","format":"standard","meta":{"footnotes":""},"categories":[12],"tags":[],"class_list":["post-100313","post","type-post","status-publish","format-standard","has-post-thumbnail","hentry","category-cidade"],"_links":{"self":[{"href":"https:\/\/tvc16.com\/portal\/wp-json\/wp\/v2\/posts\/100313","targetHints":{"allow":["GET"]}}],"collection":[{"href":"https:\/\/tvc16.com\/portal\/wp-json\/wp\/v2\/posts"}],"about":[{"href":"https:\/\/tvc16.com\/portal\/wp-json\/wp\/v2\/types\/post"}],"author":[{"embeddable":true,"href":"https:\/\/tvc16.com\/portal\/wp-json\/wp\/v2\/users\/2"}],"replies":[{"embeddable":true,"href":"https:\/\/tvc16.com\/portal\/wp-json\/wp\/v2\/comments?post=100313"}],"version-history":[{"count":1,"href":"https:\/\/tvc16.com\/portal\/wp-json\/wp\/v2\/posts\/100313\/revisions"}],"predecessor-version":[{"id":100314,"href":"https:\/\/tvc16.com\/portal\/wp-json\/wp\/v2\/posts\/100313\/revisions\/100314"}],"wp:featuredmedia":[{"embeddable":true,"href":"https:\/\/tvc16.com\/portal\/wp-json\/wp\/v2\/media\/88324"}],"wp:attachment":[{"href":"https:\/\/tvc16.com\/portal\/wp-json\/wp\/v2\/media?parent=100313"}],"wp:term":[{"taxonomy":"category","embeddable":true,"href":"https:\/\/tvc16.com\/portal\/wp-json\/wp\/v2\/categories?post=100313"},{"taxonomy":"post_tag","embeddable":true,"href":"https:\/\/tvc16.com\/portal\/wp-json\/wp\/v2\/tags?post=100313"}],"curies":[{"name":"wp","href":"https:\/\/api.w.org\/{rel}","templated":true}]}}