{"id":100315,"date":"2025-03-08T09:00:00","date_gmt":"2025-03-08T12:00:00","guid":{"rendered":"https:\/\/tvc16.com\/portal\/?p=100315"},"modified":"2025-03-07T17:34:09","modified_gmt":"2025-03-07T20:34:09","slug":"carretas-da-saude-realizaram-mais-de-1500-exames-em-petropolis","status":"publish","type":"post","link":"https:\/\/tvc16.com\/portal\/2025\/03\/08\/carretas-da-saude-realizaram-mais-de-1500-exames-em-petropolis\/","title":{"rendered":"Carretas da Sa\u00fade realizaram mais de 1500 exames em Petr\u00f3polis"},"content":{"rendered":"\n<p>Parceria da Prefeitura com o Governo do Estado do Rio garantiu atendimentos mais r\u00e1pidos nas unidades m\u00f3veis.<\/p>\n\n\n\n<p>A Prefeitura de Petr\u00f3polis, em parceira com o Governo do Estado do Rio, garantiu 1.529 exames de mamografia e ultrassonografia para pacientes do munic\u00edpio. O balan\u00e7o divulgado pela Secretaria Municipal de Sa\u00fade nesta sexta-feira (7) mostra que, durante os 15 dias em que as carretas com equipamentos modernos estiveram na cidade, foram realizadas 722 mamografias e 807 ultrassonografias.<\/p>\n\n\n\n<p>\u201cEu fico muito feliz com esses n\u00fameros e preciso agradecer ao Governador Cl\u00e1udio Castro e a Secretaria de Estado de Sa\u00fade, Claudia Mello, que permitiram essa parceria importante para o nosso munic\u00edpio conseguir reduzir as filas de exames\u201d comemorou o prefeito de Petr\u00f3polis, Hingo Hammes.<\/p>\n\n\n\n<p>As duas carretas chegaram no dia 12 de fevereiro e permaneceram no centro da cidade at\u00e9 o dia 19, quando foram levadas para Corr\u00eaas, com o objetivo de estarem mais pr\u00f3ximas da regi\u00e3o dos distritos. Os atendimentos se encerraram no \u00faltimo dia 26 e foram disponibilizadas, por dia, 80 vagas para mamografia e 70 para ultrassonografia nas modalidades Tireoide, Tireoide com Doppler, Mam\u00e1ria, P\u00e9lvica, Transvaginal e Transvaginal com doppler.<\/p>\n\n\n\n<p>\u201cN\u00f3s identificamos as fragilidades no servi\u00e7o de sa\u00fade logo que assumimos e procuramos essa parceria com o Estado para agilizar os atendimentos e reduzir as filas. Mas nosso trabalho n\u00e3o para por a\u00ed, j\u00e1 estamos organizando outras a\u00e7\u00f5es como esta para atender a popula\u00e7\u00e3o.\u201d adiantou o Secret\u00e1rio Municipal de Sa\u00fade, Lu\u00eds Cruzick.<\/p>\n\n\n\n<p>Os pacientes foram encaminhados pelo setor de regula\u00e7\u00e3o da Secretaria Municipal de Sa\u00fade, mas no caso da mamografia, pessoas com o pedido do m\u00e9dico tamb\u00e9m eram atendidas. A equipe que trabalhou nas carretas era formada por 13 funcion\u00e1rios, incluindo um m\u00e9dico e uma t\u00e9cnica de enfermagem.<\/p>\n","protected":false},"excerpt":{"rendered":"<p>Parceria da Prefeitura com o Governo do Estado do Rio garantiu atendimentos mais r\u00e1pidos nas<\/p>\n","protected":false},"author":2,"featured_media":100316,"comment_status":"open","ping_status":"open","sticky":false,"template":"","format":"standard","meta":{"footnotes":""},"categories":[12],"tags":[],"class_list":["post-100315","post","type-post","status-publish","format-standard","has-post-thumbnail","hentry","category-cidade"],"_links":{"self":[{"href":"https:\/\/tvc16.com\/portal\/wp-json\/wp\/v2\/posts\/100315","targetHints":{"allow":["GET"]}}],"collection":[{"href":"https:\/\/tvc16.com\/portal\/wp-json\/wp\/v2\/posts"}],"about":[{"href":"https:\/\/tvc16.com\/portal\/wp-json\/wp\/v2\/types\/post"}],"author":[{"embeddable":true,"href":"https:\/\/tvc16.com\/portal\/wp-json\/wp\/v2\/users\/2"}],"replies":[{"embeddable":true,"href":"https:\/\/tvc16.com\/portal\/wp-json\/wp\/v2\/comments?post=100315"}],"version-history":[{"count":1,"href":"https:\/\/tvc16.com\/portal\/wp-json\/wp\/v2\/posts\/100315\/revisions"}],"predecessor-version":[{"id":100317,"href":"https:\/\/tvc16.com\/portal\/wp-json\/wp\/v2\/posts\/100315\/revisions\/100317"}],"wp:featuredmedia":[{"embeddable":true,"href":"https:\/\/tvc16.com\/portal\/wp-json\/wp\/v2\/media\/100316"}],"wp:attachment":[{"href":"https:\/\/tvc16.com\/portal\/wp-json\/wp\/v2\/media?parent=100315"}],"wp:term":[{"taxonomy":"category","embeddable":true,"href":"https:\/\/tvc16.com\/portal\/wp-json\/wp\/v2\/categories?post=100315"},{"taxonomy":"post_tag","embeddable":true,"href":"https:\/\/tvc16.com\/portal\/wp-json\/wp\/v2\/tags?post=100315"}],"curies":[{"name":"wp","href":"https:\/\/api.w.org\/{rel}","templated":true}]}}