{"id":100318,"date":"2025-03-08T10:00:00","date_gmt":"2025-03-08T13:00:00","guid":{"rendered":"https:\/\/tvc16.com\/portal\/?p=100318"},"modified":"2025-03-07T17:37:10","modified_gmt":"2025-03-07T20:37:10","slug":"metrorio-vai-funcionar-24-horas-neste-fim-de-semana-de-desfile-das-campeas-na-sapucai","status":"publish","type":"post","link":"https:\/\/tvc16.com\/portal\/2025\/03\/08\/metrorio-vai-funcionar-24-horas-neste-fim-de-semana-de-desfile-das-campeas-na-sapucai\/","title":{"rendered":"Metr\u00f4Rio vai funcionar 24 horas neste fim de semana de Desfile das Campe\u00e3s na Sapuca\u00ed"},"content":{"rendered":"\n<p><em>Composi\u00e7\u00f5es v\u00e3o circular sem interrup\u00e7\u00e3o das 5h de s\u00e1bado (8\/03) at\u00e9 as 23h de domingo (9\/03)<\/em><\/p>\n\n\n\n<p>O Metr\u00f4Rio volta a funcionar em esquema especial neste fim de semana para atender aos clientes que v\u00e3o assistir ou participar do Desfile das Campe\u00e3s na Sapuca\u00ed. O servi\u00e7o metrovi\u00e1rio retoma a opera\u00e7\u00e3o 24 horas a partir das 5h de s\u00e1bado (8\/03) at\u00e9 23h de domingo (9\/03), somando mais 42 horas sem interrup\u00e7\u00e3o. Ao todo, este ano, a concession\u00e1ria registra 181 horas de funcionamento durante a megaopera\u00e7\u00e3o de carnaval.<br>&nbsp;<\/p>\n\n\n\n<p>Neste s\u00e1bado e domingo, a linha 2 vai circular entre Pavuna e General Os\u00f3rio\/Ipanema, e as linhas 1 e 4 seguir\u00e3o o trajeto Uruguai-Jardim Oce\u00e2nico\/Barra da Tijuca. A transfer\u00eancia entre as linhas 1 e 2 poder\u00e1 ser feita no trecho entre as esta\u00e7\u00f5es Central do Brasil\/Centro e General Os\u00f3rio\/Ipanema.<\/p>\n\n\n\n<p>No s\u00e1bado, quem tiver ingresso para os setores do lado \u00edmpar da Sapuca\u00ed ou for desfilar nas escolas que se concentram perto do edif\u00edcio \u201cBalan\u00e7a Mas N\u00e3o Cai\u201d ou vai ao Terreir\u00e3o do Samba deve desembarcar na esta\u00e7\u00e3o Central do Brasil\/Centro. J\u00e1 a esta\u00e7\u00e3o Pra\u00e7a Onze \u00e9 a mais pr\u00f3xima para os clientes com ingressos para os setores pares ou que v\u00e3o sair nas escolas que se concentram ao lado do edif\u00edcio dos Correios.<br>&nbsp;<\/p>\n\n\n\n<p><strong>Funcionamento das esta\u00e7\u00f5es do Centro e da Zona Sul<\/strong><\/p>\n\n\n\n<p>Por conta do grande fluxo de pessoas previstas nos desfiles de blocos e megablocos de rua, as esta\u00e7\u00f5es Uruguaiana\/Centro, Carioca\/Centro e Cinel\u00e2ndia\/Centro ter\u00e3o funcionamento especial e contar\u00e3o com estruturas de conten\u00e7\u00e3o para direcionar o p\u00fablico. A concession\u00e1ria recomenda o uso da esta\u00e7\u00e3o Carioca\/Centro, que abrir\u00e1 para embarque apenas pelo Largo da Carioca, onde haver\u00e1 uma bilheteria externa especial. J\u00e1 o desembarque para os clientes que v\u00e3o sentido Zona Sul ser\u00e1 pelo acesso C (Convento); e para quem seguir sentido Zona Norte, no acesso A (Rio Branco).<br>&nbsp;<\/p>\n\n\n\n<p>A&nbsp;<strong>esta\u00e7\u00e3o Cinel\u00e2ndia\/Centro<\/strong>&nbsp;ter\u00e1 hor\u00e1rio de funcionamento diferenciado, das 6h \u00e0s 20h, no s\u00e1bado (8\/3); e das 7h \u00e0s 20h, no domingo (9\/3). O \u00fanico ponto de embarque ser\u00e1 o acesso E (Presidente Wilson), e s\u00f3 poder\u00e1 embarcar quem possuir cart\u00e3o pr\u00e9- adquirido. J\u00e1 o desembarque ser\u00e1 pelo acesso D (Odeon), ao longo da opera\u00e7\u00e3o. Os demais acessos da esta\u00e7\u00e3o permanecer\u00e3o fechados no carnaval.&nbsp;<strong>Na esta\u00e7\u00e3o Uruguaiana\/Centro<\/strong>, apenas o acesso D (Presidente Vargas) ficar\u00e1 aberto para embarque e desembarque durante o carnaval.<br>&nbsp;<\/p>\n\n\n\n<p><strong>Jogo no Maracan\u00e3 no s\u00e1bado<\/strong><br>&nbsp;<\/p>\n\n\n\n<p>No s\u00e1bado (8\/03) acontece o jogo entre&nbsp;<strong>Flamengo e Vasco, a partir das 17h45, no Maracan\u00e3<\/strong>. Para oferecer mais comodidade e facilidade aos clientes, a concession\u00e1ria vai refor\u00e7ar o efetivo de seguran\u00e7a e de operadores de esta\u00e7\u00e3o, principalmente nas esta\u00e7\u00f5es pr\u00f3ximas ao est\u00e1dio.<br>&nbsp;<\/p>\n\n\n\n<p>O Metr\u00f4Rio sugere que os torcedores se programem e antecipem a chegada ao est\u00e1dio do Maracan\u00e3. \u00c9 importante verificar tamb\u00e9m qual \u00e9 a esta\u00e7\u00e3o mais pr\u00f3xima de cada setor do est\u00e1dio. Quem tem ingressos para acesso nos port\u00f5es A, B e C (Oeste e Sul) deve desembarcar na esta\u00e7\u00e3o Maracan\u00e3 (linha 2). J\u00e1 para quem tem bilhetes para o port\u00e3o D, E e F (Leste e Norte), a concession\u00e1ria indica que o desembarque seja feito na esta\u00e7\u00e3o S\u00e3o Crist\u00f3v\u00e3o (linha 2).<\/p>\n\n\n\n<p><strong>Pagamento por aproxima\u00e7\u00e3o<\/strong><br>&nbsp;<\/p>\n\n\n\n<p>A concession\u00e1ria recomenda o uso do pagamento por aproxima\u00e7\u00e3o, dispon\u00edvel nos cart\u00f5es de cr\u00e9dito e d\u00e9bito Visa, Elo e Mastercard, ou em dispositivos com tecnologia NFC, como celulares, rel\u00f3gios e pulseiras. Outra orienta\u00e7\u00e3o importante \u00e9 antecipar a compra ou recarga dos cart\u00f5es de passagem Giro, unit\u00e1rio do Metr\u00f4Rio ou Riocard Mais, incluindo a compra da volta, facilitando a entrada no sistema. Os cr\u00e9ditos podem ser adicionados pelo site, aplicativo do Metr\u00f4Rio ou app RecargaPay.<br>&nbsp;<\/p>\n\n\n\n<p><strong>SERVI\u00c7O<\/strong><\/p>\n\n\n\n<p><strong>Funcionamento do metr\u00f4 para Desfile das Campe\u00e3s na Sapuca\u00ed<\/strong><\/p>\n\n\n\n<p><strong>Metr\u00f4 &#8211; Linhas 1, 2 e 4<\/strong><\/p>\n\n\n\n<p><strong>S\u00e1bado e domingo (8 e 9\/03):&nbsp;<\/strong>funcionamento 24 horas, sem interrup\u00e7\u00e3o, a partir das 5h de s\u00e1bado at\u00e9 as 23h de domingo.<\/p>\n","protected":false},"excerpt":{"rendered":"<p>Composi\u00e7\u00f5es v\u00e3o circular sem interrup\u00e7\u00e3o das 5h de s\u00e1bado (8\/03) at\u00e9 as 23h de domingo<\/p>\n","protected":false},"author":2,"featured_media":100319,"comment_status":"open","ping_status":"open","sticky":false,"template":"","format":"standard","meta":{"footnotes":""},"categories":[17],"tags":[],"class_list":["post-100318","post","type-post","status-publish","format-standard","has-post-thumbnail","hentry","category-outras-noticias"],"_links":{"self":[{"href":"https:\/\/tvc16.com\/portal\/wp-json\/wp\/v2\/posts\/100318","targetHints":{"allow":["GET"]}}],"collection":[{"href":"https:\/\/tvc16.com\/portal\/wp-json\/wp\/v2\/posts"}],"about":[{"href":"https:\/\/tvc16.com\/portal\/wp-json\/wp\/v2\/types\/post"}],"author":[{"embeddable":true,"href":"https:\/\/tvc16.com\/portal\/wp-json\/wp\/v2\/users\/2"}],"replies":[{"embeddable":true,"href":"https:\/\/tvc16.com\/portal\/wp-json\/wp\/v2\/comments?post=100318"}],"version-history":[{"count":1,"href":"https:\/\/tvc16.com\/portal\/wp-json\/wp\/v2\/posts\/100318\/revisions"}],"predecessor-version":[{"id":100320,"href":"https:\/\/tvc16.com\/portal\/wp-json\/wp\/v2\/posts\/100318\/revisions\/100320"}],"wp:featuredmedia":[{"embeddable":true,"href":"https:\/\/tvc16.com\/portal\/wp-json\/wp\/v2\/media\/100319"}],"wp:attachment":[{"href":"https:\/\/tvc16.com\/portal\/wp-json\/wp\/v2\/media?parent=100318"}],"wp:term":[{"taxonomy":"category","embeddable":true,"href":"https:\/\/tvc16.com\/portal\/wp-json\/wp\/v2\/categories?post=100318"},{"taxonomy":"post_tag","embeddable":true,"href":"https:\/\/tvc16.com\/portal\/wp-json\/wp\/v2\/tags?post=100318"}],"curies":[{"name":"wp","href":"https:\/\/api.w.org\/{rel}","templated":true}]}}