{"id":100325,"date":"2025-03-08T12:00:00","date_gmt":"2025-03-08T15:00:00","guid":{"rendered":"https:\/\/tvc16.com\/portal\/?p=100325"},"modified":"2025-03-07T17:45:43","modified_gmt":"2025-03-07T20:45:43","slug":"economia-cresce-34-em-2024-mas-para-a-firjan-pais-ainda-precisa-construir-base-solida-que-garanta-crescimento-duradouro","status":"publish","type":"post","link":"https:\/\/tvc16.com\/portal\/2025\/03\/08\/economia-cresce-34-em-2024-mas-para-a-firjan-pais-ainda-precisa-construir-base-solida-que-garanta-crescimento-duradouro\/","title":{"rendered":"Economia cresce 3,4%\u00a0em 2024, mas para a Firjan pa\u00eds ainda precisa construir base s\u00f3lida que garanta crescimento duradouro"},"content":{"rendered":"\n<p><strong>Federa\u00e7\u00e3o das Ind\u00fastrias do Estado do Rio de Janeiro considera que a ado\u00e7\u00e3o de uma reforma fiscal robusta \u00e9&nbsp;essencial<\/strong><\/p>\n\n\n\n<p>Em 2024, a economia brasileira registrou um crescimento de 3,4%, impulsionado por melhores condi\u00e7\u00f5es de cr\u00e9dito, um mercado de trabalho robusto e aumento dos gastos p\u00fablicos. Esse avan\u00e7o demonstrou maior dinamismo do mercado interno, com destaque para os macrossetores de Servi\u00e7os (+3,7%) e em especial da Ind\u00fastria (+3,3%), que, ap\u00f3s dois anos com baixo crescimento, registrou bom desempenho, impulsionado pelo segmento de transforma\u00e7\u00e3o (+3,8%).&nbsp;Pela \u00f3tica da despesa, o grande destaque foram os investimentos, medidos pela Forma\u00e7\u00e3o Bruta de Capital Fixo, que cresceram 7,3%.<\/p>\n\n\n\n<p>Apesar do bom desempenho em 2024, o Brasil ainda precisa enfrentar quest\u00f5es fundamentais que impedem que o crescimento econ\u00f4mico seja perene. A taxa de investimento ainda est\u00e1 muito aqu\u00e9m da m\u00e9dia dos pa\u00edses emergentes (32%), ficando em 17%&nbsp;do PIB. A alta infla\u00e7\u00e3o revela um descasamento entre oferta e demanda, explicado, sobretudo, pela baixa produtividade da economia brasileira. Ademais, o novo ciclo de alta da taxa de juros representa mais um desafio para a produ\u00e7\u00e3o e para o consumo.<\/p>\n\n\n\n<p>Nesse cen\u00e1rio, a Firjan reafirma que o pa\u00eds precisa construir uma base s\u00f3lida que garanta um crescimento econ\u00f4mico duradouro. A ado\u00e7\u00e3o de uma reforma fiscal robusta \u00e9 essencial neste processo, e permitir\u00e1 a aloca\u00e7\u00e3o mais eficiente dos recursos p\u00fablicos. &#8220;Este \u00e9 o primeiro passo para a constru\u00e7\u00e3o de um Estado eficiente, com infraestrutura de qualidade e um ambiente de neg\u00f3cios favor\u00e1vel. Caso contr\u00e1rio, voltaremos a combina\u00e7\u00e3o perversa de crescimento mediano, alta infla\u00e7\u00e3o e juros elevados&#8221;, aponta o economista-chefe da Firjan, Jonathas Goulart.&nbsp;<\/p>\n","protected":false},"excerpt":{"rendered":"<p>Federa\u00e7\u00e3o das Ind\u00fastrias do Estado do Rio de Janeiro considera que a ado\u00e7\u00e3o de uma<\/p>\n","protected":false},"author":2,"featured_media":78429,"comment_status":"open","ping_status":"open","sticky":false,"template":"","format":"standard","meta":{"footnotes":""},"categories":[17],"tags":[],"class_list":["post-100325","post","type-post","status-publish","format-standard","has-post-thumbnail","hentry","category-outras-noticias"],"_links":{"self":[{"href":"https:\/\/tvc16.com\/portal\/wp-json\/wp\/v2\/posts\/100325","targetHints":{"allow":["GET"]}}],"collection":[{"href":"https:\/\/tvc16.com\/portal\/wp-json\/wp\/v2\/posts"}],"about":[{"href":"https:\/\/tvc16.com\/portal\/wp-json\/wp\/v2\/types\/post"}],"author":[{"embeddable":true,"href":"https:\/\/tvc16.com\/portal\/wp-json\/wp\/v2\/users\/2"}],"replies":[{"embeddable":true,"href":"https:\/\/tvc16.com\/portal\/wp-json\/wp\/v2\/comments?post=100325"}],"version-history":[{"count":2,"href":"https:\/\/tvc16.com\/portal\/wp-json\/wp\/v2\/posts\/100325\/revisions"}],"predecessor-version":[{"id":100327,"href":"https:\/\/tvc16.com\/portal\/wp-json\/wp\/v2\/posts\/100325\/revisions\/100327"}],"wp:featuredmedia":[{"embeddable":true,"href":"https:\/\/tvc16.com\/portal\/wp-json\/wp\/v2\/media\/78429"}],"wp:attachment":[{"href":"https:\/\/tvc16.com\/portal\/wp-json\/wp\/v2\/media?parent=100325"}],"wp:term":[{"taxonomy":"category","embeddable":true,"href":"https:\/\/tvc16.com\/portal\/wp-json\/wp\/v2\/categories?post=100325"},{"taxonomy":"post_tag","embeddable":true,"href":"https:\/\/tvc16.com\/portal\/wp-json\/wp\/v2\/tags?post=100325"}],"curies":[{"name":"wp","href":"https:\/\/api.w.org\/{rel}","templated":true}]}}