{"id":100328,"date":"2025-03-08T13:00:00","date_gmt":"2025-03-08T16:00:00","guid":{"rendered":"https:\/\/tvc16.com\/portal\/?p=100328"},"modified":"2025-03-07T17:49:54","modified_gmt":"2025-03-07T20:49:54","slug":"deguste-folia-comemora-sucesso-do-carnaval-2025","status":"publish","type":"post","link":"https:\/\/tvc16.com\/portal\/2025\/03\/08\/deguste-folia-comemora-sucesso-do-carnaval-2025\/","title":{"rendered":"Deguste Folia comemora sucesso do Carnaval 2025"},"content":{"rendered":"\n<p><em>Edi\u00e7\u00e3o lan\u00e7ou campanha contra viol\u00eancia e inaugurou stand com participa\u00e7\u00e3o de fam\u00edlias at\u00edpicas<\/em><\/p>\n\n\n\n<p>Oito dias de pura anima\u00e7\u00e3o com 16 apresenta\u00e7\u00f5es musicais e novidades: campanha de conscientiza\u00e7\u00e3o contra a viol\u00eancia a mulher e inaugura\u00e7\u00e3o de espa\u00e7o de acolhimento para fam\u00edlias at\u00edpicas. Esses foram alguns dos destaques da Deguste Folia que movimentou o carnaval 2025 na Pra\u00e7a da \u00c1guia e fez parte da programa\u00e7\u00e3o da Folia Imperial da Prefeitura de Petr\u00f3polis.<\/p>\n\n\n\n<p>\u201cRecorde de p\u00fablico, muito samba e alegria, em um ambiente seguro e com op\u00e7\u00f5es para todos os gostos. Agradecemos muito nossos parceiros e o p\u00fablico que curtiu todos os dias a Deguste Folia\u201d, afirmou o idealizador da Deguste, Rodrigo Duarte.<\/p>\n\n\n\n<p>A m\u00fasica tamb\u00e9m foi um destaque com apresenta\u00e7\u00f5es especiais da Escola de Samba Mangueira, Bloco Cord\u00e3o do Bola Preta e os sucessos petropolitanos como o Bloco Vai dar M e Puro Pecado. \u201cDias intensos de muito trabalho, visitantes de fora de Petr\u00f3polis e as novidades das cervejarias. Preparem-se. Ainda tem muita coisa boa nas pr\u00f3ximas edi\u00e7\u00f5es da Deguste neste ano de 2025\u201d, contou a produtora Gabrielle Rosendo.<\/p>\n\n\n\n<p>Uma das novidades mais vibrantes da Deguste Folia foi o lan\u00e7amento, em parceria com a INcluir Petr\u00f3polis, de um stand dedicado ao apoio e \u00e0 inclus\u00e3o produtiva de fam\u00edlias at\u00edpicas. No espa\u00e7o, as fam\u00edlias puderam apresentar e oferecer seus produtos artesanais, destacando o valor do seu trabalho e promovendo sua autonomia.<\/p>\n\n\n\n<p>\u201cOportunidade de divulgar a inclus\u00e3o na sociedade, incentivar a conscientiza\u00e7\u00e3o e o reconhecimento do papel fundamental das fam\u00edlias at\u00edpicas. Todos os participantes curtiram a Deguste e mostraram produtos incr\u00edveis\u201d, completou Gabrielle Rosendo.<\/p>\n\n\n\n<p>A iniciativa faz parte do &#8220;Programa INcluir Petr\u00f3polis \u2013 Fam\u00edlia At\u00edpica&#8221; e \u00e9 voltada para as fam\u00edlias cadastradas no Projeto INcluir, refor\u00e7ando o compromisso com a equidade e a valoriza\u00e7\u00e3o da diversidade. Nas pr\u00f3ximas edi\u00e7\u00f5es da Deguste, o espa\u00e7o continuar\u00e1 presente.<\/p>\n\n\n\n<p><strong>Campanha: viol\u00eancia contra a mulher \u00e9 crime!<\/strong><\/p>\n\n\n\n<p>A Deguste tamb\u00e9m realizou a campanha \u201cViol\u00eancia contra a mulher \u00e9 crime!\u201d, com a mensagem: \u201cEste evento presta aux\u00edlio \u00e0 mulher que se sinta em situa\u00e7\u00e3o de risco. Procure a produ\u00e7\u00e3o\u201d. E ainda divulga: Ligue 180.<\/p>\n\n\n\n<p><strong>Confira no Instagram<\/strong><\/p>\n\n\n\n<p>Todas as novidades da pr\u00f3xima Deguste &#8211; 99\u00aa edi\u00e7\u00e3o, nos dias 11 e 12 de abril, poder\u00e3o ser conferidas no Instagram oficial&nbsp;<a href=\"https:\/\/www.instagram.com\/feiradeguste?igsh=MWRmdmVnOHhpOTJ0eA==\" target=\"_blank\" rel=\"noreferrer noopener\">@feiradeguste<\/a><\/p>\n","protected":false},"excerpt":{"rendered":"<p>Edi\u00e7\u00e3o lan\u00e7ou campanha contra viol\u00eancia e inaugurou stand com participa\u00e7\u00e3o de fam\u00edlias at\u00edpicas Oito dias<\/p>\n","protected":false},"author":2,"featured_media":100329,"comment_status":"open","ping_status":"open","sticky":false,"template":"","format":"standard","meta":{"footnotes":""},"categories":[12],"tags":[],"class_list":["post-100328","post","type-post","status-publish","format-standard","has-post-thumbnail","hentry","category-cidade"],"_links":{"self":[{"href":"https:\/\/tvc16.com\/portal\/wp-json\/wp\/v2\/posts\/100328","targetHints":{"allow":["GET"]}}],"collection":[{"href":"https:\/\/tvc16.com\/portal\/wp-json\/wp\/v2\/posts"}],"about":[{"href":"https:\/\/tvc16.com\/portal\/wp-json\/wp\/v2\/types\/post"}],"author":[{"embeddable":true,"href":"https:\/\/tvc16.com\/portal\/wp-json\/wp\/v2\/users\/2"}],"replies":[{"embeddable":true,"href":"https:\/\/tvc16.com\/portal\/wp-json\/wp\/v2\/comments?post=100328"}],"version-history":[{"count":1,"href":"https:\/\/tvc16.com\/portal\/wp-json\/wp\/v2\/posts\/100328\/revisions"}],"predecessor-version":[{"id":100330,"href":"https:\/\/tvc16.com\/portal\/wp-json\/wp\/v2\/posts\/100328\/revisions\/100330"}],"wp:featuredmedia":[{"embeddable":true,"href":"https:\/\/tvc16.com\/portal\/wp-json\/wp\/v2\/media\/100329"}],"wp:attachment":[{"href":"https:\/\/tvc16.com\/portal\/wp-json\/wp\/v2\/media?parent=100328"}],"wp:term":[{"taxonomy":"category","embeddable":true,"href":"https:\/\/tvc16.com\/portal\/wp-json\/wp\/v2\/categories?post=100328"},{"taxonomy":"post_tag","embeddable":true,"href":"https:\/\/tvc16.com\/portal\/wp-json\/wp\/v2\/tags?post=100328"}],"curies":[{"name":"wp","href":"https:\/\/api.w.org\/{rel}","templated":true}]}}