{"id":100331,"date":"2025-03-08T14:00:00","date_gmt":"2025-03-08T17:00:00","guid":{"rendered":"https:\/\/tvc16.com\/portal\/?p=100331"},"modified":"2025-03-07T17:56:28","modified_gmt":"2025-03-07T20:56:28","slug":"lncc-celebra-o-dia-internacional-da-mulher-com-programacao-especial-sobre-o-tema","status":"publish","type":"post","link":"https:\/\/tvc16.com\/portal\/2025\/03\/08\/lncc-celebra-o-dia-internacional-da-mulher-com-programacao-especial-sobre-o-tema\/","title":{"rendered":"LNCC Celebra o Dia Internacional da Mulher com Programa\u00e7\u00e3o Especial sobre o Tema"},"content":{"rendered":"\n<p>No Dia Internacional da Mulher, celebramos a dedica\u00e7\u00e3o, o talento e a for\u00e7a das mulheres que, com suas contribui\u00e7\u00f5es, inspiram gera\u00e7\u00f5es. No Laborat\u00f3rio Nacional de Computa\u00e7\u00e3o Cient\u00edfica (LNCC), <strong>o trabalho das pesquisadoras redefine limites, cria novas possibilidades e serve de inspira\u00e7\u00e3o para jovens que sonham em trilhar o caminho da ci\u00eancia<\/strong>. Agradecemos a todas por <strong>impulsionarem a ci\u00eancia com coragem, paix\u00e3o e excel\u00eancia<\/strong>! Em mar\u00e7o, o LNCC refor\u00e7a seu compromisso com a <strong>equidade de g\u00eanero e a inclus\u00e3o<\/strong>, participando ativamente de <strong>eventos que destacam a import\u00e2ncia das mulheres na ci\u00eancia e na tecnologia<\/strong>.<\/p>\n\n\n\n<p><strong>Eventos com Participa\u00e7\u00e3o do LNCC<\/strong><\/p>\n\n\n\n<p><strong>1. Criando Comunidade para Mulheres em HPC<\/strong><\/p>\n\n\n\n<p>No dia 11 de mar\u00e7o, o LNCC estar\u00e1 representado pela pesquisadora Carla Osthoff no painel \u201c<em>Criando Comunidade para Mulheres em HPC<\/em>\u201d. O evento reunir\u00e1 especialistas do M\u00e9xico, Col\u00f4mbia, Chile e Brasil, que compartilhar\u00e3o suas trajet\u00f3rias, os desafios superados e o impacto de suas contribui\u00e7\u00f5es no campo da supercomputa\u00e7\u00e3o. Este painel promete ser um momento rico de di\u00e1logo e reflex\u00e3o sobre a import\u00e2ncia da diversidade e do trabalho colaborativo em uma \u00e1rea estrat\u00e9gica para o avan\u00e7o da ci\u00eancia e da tecnologia.<\/p>\n\n\n\n<ul class=\"wp-block-list\">\n<li>Data: 11 de mar\u00e7o<\/li>\n\n\n\n<li>Hor\u00e1rio: 13h (UTC-6)<\/li>\n\n\n\n<li>Formato: Evento virtual via Zoom<\/li>\n\n\n\n<li>Tradu\u00e7\u00e3o simult\u00e2nea: Espanhol, ingl\u00eas e portugu\u00eas<\/li>\n\n\n\n<li>Inscri\u00e7\u00f5es: <a href=\"https:\/\/sites.google.com\/view\/la-whpc\/\" target=\"_blank\" rel=\"noreferrer noopener\">https:\/\/sites.google.com\/view\/la-whpc\/<\/a><\/li>\n<\/ul>\n\n\n\n<p><strong>2. Momento Carreira Mulher<\/strong><\/p>\n\n\n\n<p>No dia 12 de mar\u00e7o, o LNCC marcar\u00e1 presen\u00e7a no evento \u201c<em>Momento Carreira Mulher<\/em>\u201d, promovido pelo promovido pelo Serratec \u2013 Parque Tecnol\u00f3gico da Regi\u00e3o Serrana. A pesquisadora Regina C\u00e9lia representar\u00e1 o LNCC em uma roda de conversa com outras seis mulheres l\u00edderes de empresas e institui\u00e7\u00f5es de tecnologia, como Neki, Orange Business, T2m, Info4 e Future. Juntas, elas debater\u00e3o desafios, oportunidades e estrat\u00e9gias para fortalecer a presen\u00e7a feminina no setor tecnol\u00f3gico.<\/p>\n\n\n\n<ul class=\"wp-block-list\">\n<li>Data: 12 de mar\u00e7o<\/li>\n\n\n\n<li>Hor\u00e1rio: 8h30 (caf\u00e9 de chegada) \u00e0s 11h30<\/li>\n\n\n\n<li>Local: Audit\u00f3rio do Serratec<\/li>\n\n\n\n<li>Inscri\u00e7\u00f5es gratuitas: <a href=\"https:\/\/bit.ly\/momentocarreiramulher\" target=\"_blank\" rel=\"noreferrer noopener\">https:\/\/bit.ly\/momentocarreiramulher<\/a><\/li>\n<\/ul>\n\n\n\n<p><\/p>\n","protected":false},"excerpt":{"rendered":"<p>No Dia Internacional da Mulher, celebramos a dedica\u00e7\u00e3o, o talento e a for\u00e7a das mulheres<\/p>\n","protected":false},"author":2,"featured_media":63646,"comment_status":"open","ping_status":"open","sticky":false,"template":"","format":"standard","meta":{"footnotes":""},"categories":[17,1],"tags":[],"class_list":["post-100331","post","type-post","status-publish","format-standard","has-post-thumbnail","hentry","category-outras-noticias","category-uncategorized"],"_links":{"self":[{"href":"https:\/\/tvc16.com\/portal\/wp-json\/wp\/v2\/posts\/100331","targetHints":{"allow":["GET"]}}],"collection":[{"href":"https:\/\/tvc16.com\/portal\/wp-json\/wp\/v2\/posts"}],"about":[{"href":"https:\/\/tvc16.com\/portal\/wp-json\/wp\/v2\/types\/post"}],"author":[{"embeddable":true,"href":"https:\/\/tvc16.com\/portal\/wp-json\/wp\/v2\/users\/2"}],"replies":[{"embeddable":true,"href":"https:\/\/tvc16.com\/portal\/wp-json\/wp\/v2\/comments?post=100331"}],"version-history":[{"count":1,"href":"https:\/\/tvc16.com\/portal\/wp-json\/wp\/v2\/posts\/100331\/revisions"}],"predecessor-version":[{"id":100332,"href":"https:\/\/tvc16.com\/portal\/wp-json\/wp\/v2\/posts\/100331\/revisions\/100332"}],"wp:featuredmedia":[{"embeddable":true,"href":"https:\/\/tvc16.com\/portal\/wp-json\/wp\/v2\/media\/63646"}],"wp:attachment":[{"href":"https:\/\/tvc16.com\/portal\/wp-json\/wp\/v2\/media?parent=100331"}],"wp:term":[{"taxonomy":"category","embeddable":true,"href":"https:\/\/tvc16.com\/portal\/wp-json\/wp\/v2\/categories?post=100331"},{"taxonomy":"post_tag","embeddable":true,"href":"https:\/\/tvc16.com\/portal\/wp-json\/wp\/v2\/tags?post=100331"}],"curies":[{"name":"wp","href":"https:\/\/api.w.org\/{rel}","templated":true}]}}