{"id":100336,"date":"2025-03-08T16:00:00","date_gmt":"2025-03-08T19:00:00","guid":{"rendered":"https:\/\/tvc16.com\/portal\/?p=100336"},"modified":"2025-03-07T18:00:51","modified_gmt":"2025-03-07T21:00:51","slug":"cultura-do-estado-divulga-resultado-de-editais-com-investimento-de-quase-r-60-milhoesproponentes-poderao-apresentar-recurso-documental-a-partir-da-proxima-semana","status":"publish","type":"post","link":"https:\/\/tvc16.com\/portal\/2025\/03\/08\/cultura-do-estado-divulga-resultado-de-editais-com-investimento-de-quase-r-60-milhoesproponentes-poderao-apresentar-recurso-documental-a-partir-da-proxima-semana\/","title":{"rendered":"Cultura do Estado divulga resultado de editais com investimento de quase R$ 60 milh\u00f5esProponentes poder\u00e3o apresentar recurso documental a partir da pr\u00f3xima semana"},"content":{"rendered":"\n<p>A Secretaria de Estado de Cultura e Economia Criativa do Rio de Janeiro (Sececrj) publicou nesta sexta-feira (7\/3), em Di\u00e1rio Oficial, o resultado preliminar de habilita\u00e7\u00e3o de quatro editais que fazem parte do pacote de investimentos da Pol\u00edtica Nacional Aldir Blanc (Pnab). As chamadas p\u00fablicas destinar\u00e3o R$ 58 milh\u00f5es \u00e0 cultura fluminense, a partir da premia\u00e7\u00e3o de cerca de 650 projetos.<\/p>\n\n\n\n<p>Os proponentes dos editais &#8220;Nossos Museus&#8221;, &#8220;Fluxos Fluminenses&#8221;, &#8220;Fomenta Festival&#8221; e &#8220;Territ\u00f3rios em Foco&#8221; que foram inabilitados poder\u00e3o apresentar recurso documental das 9h do dia 10\/3 at\u00e9 as 18h do dia 13\/3, atrav\u00e9s da plataforma Desenvolve Cultura, no link&nbsp;<a href=\"http:\/\/cultura.rj.gov.br\/desenvolve-cultura\" target=\"_blank\" rel=\"noreferrer noopener\">cultura.rj.gov.br\/desenvolve-cultura<\/a>.<\/p>\n\n\n\n<p>&#8220;Iniciamos a constru\u00e7\u00e3o do nosso plano de execu\u00e7\u00e3o da Pnab por meio de uma consulta p\u00fablica no in\u00edcio de 2024, para ouvir as demandas da popula\u00e7\u00e3o e ajudar a definir as caracter\u00edsticas do p\u00fablico-alvo. Esses editais s\u00e3o fruto de um processo de escuta que atende importantes pilares da nossa gest\u00e3o: a democratiza\u00e7\u00e3o do acesso e a descentraliza\u00e7\u00e3o dos recursos da pasta&#8221;, explica a secret\u00e1ria de Estado de Cultura e Economia Criativa, Danielle Barros.<\/p>\n\n\n\n<p>As publica\u00e7\u00f5es podem ser encontradas no Di\u00e1rio Oficial, atrav\u00e9s do link&nbsp;<a href=\"https:\/\/portal.ioerj.com.br\/\" target=\"_blank\" rel=\"noreferrer noopener\">https:\/\/portal.ioerj.com.br\/<\/a>, ou no site da Sececrj em&nbsp;<a href=\"http:\/\/cultura.rj.gov.br\/\" target=\"_blank\" rel=\"noreferrer noopener\">http:\/\/cultura.rj.gov.br\/<\/a>.&nbsp;<\/p>\n\n\n\n<p><strong>Conhe\u00e7a os editais<br><\/strong><br>No Fomenta Festival, os projetos devem apresentar um conjunto de a\u00e7\u00f5es presenciais de difus\u00e3o art\u00edstico-cultural para p\u00fablico amplo, com ou sem cobran\u00e7a de ingressos, com car\u00e1ter competitivo ou n\u00e3o, em um per\u00edodo determinado de tempo, e que promovam, comprovadamente, o desenvolvimento cultural e a ativa\u00e7\u00e3o da economia criativa regional ou local. O evento pode prever apresenta\u00e7\u00f5es, performances, exposi\u00e7\u00f5es, shows, oficinas, instala\u00e7\u00f5es, exibi\u00e7\u00f5es e\/ou debates, nas diversas linguagens art\u00edsticas, entre outras atividades que proporcionem um espa\u00e7o de difus\u00e3o e forma\u00e7\u00e3o da tem\u00e1tica abordada.<\/p>\n\n\n\n<p>O edital tem investimento de R$ 21 milh\u00f5es e \u00e9 dividido entre tr\u00eas categorias, sendo uma para festivais in\u00e9ditos, com 40 vagas; outra para festivais com no m\u00ednimo uma edi\u00e7\u00e3o, tamb\u00e9m 40 oportunidades; e a \u00faltima para festivais com no m\u00ednimo doze edi\u00e7\u00f5es, disponibilizando 12 vagas.<\/p>\n\n\n\n<p>J\u00e1 o Fluxos Fluminenses \u00e9 uma chamada p\u00fablica de car\u00e1ter mais amplo, voltado para propostas culturais de forma\u00e7\u00e3o, capacita\u00e7\u00e3o, produ\u00e7\u00e3o ou circula\u00e7\u00e3o de diferentes segmentos art\u00edsticos, tamb\u00e9m com fomento de R$ 21 milh\u00f5es no total, dividido entre tr\u00eas categorias: forma\u00e7\u00e3o e capacita\u00e7\u00e3o, com 60 vagas; a\u00e7\u00f5es de produ\u00e7\u00e3o, com 120 oportunidades; e a\u00e7\u00f5es de circula\u00e7\u00e3o, que vai contemplar outros 120 proponentes.<\/p>\n\n\n\n<p>A chamada Territ\u00f3rios em Foco est\u00e1 investindo R$ 11 milh\u00f5es na cultura fluminense, atrav\u00e9s do patroc\u00ednio a 200 projetos diferentes, em duas categorias. Para concorrer, os proponentes apresentaram&nbsp;propostas de continuidade de pr\u00e1ticas, atividades e projetos que promovem o fortalecimento e a valoriza\u00e7\u00e3o da cultura dos territ\u00f3rios onde s\u00e3o realizadas e que estimulam a diversidade cultural e a articula\u00e7\u00e3o comunit\u00e1ria da localidade.<\/p>\n\n\n\n<p>A Categoria A \u00e9 voltada para pessoa jur\u00eddica e MEIs e contempla cem proponentes com o valor de R$ 70 mil para cada, totalizando R$ 7 milh\u00f5es. J\u00e1 a B, voltada \u00e0 pessoa f\u00edsica, tamb\u00e9m premia&nbsp;cem propostas, com o valor de R$ 40 mil para cada, totalizando R$ 4 milh\u00f5es.&nbsp;<\/p>\n\n\n\n<p>Finalizando, o edital Nossos Museus \u00e9&nbsp;voltado para pessoa jur\u00eddica ou microempreendedor individual (MEI), com natureza e finalidades culturais em seus atos constitutivos e atua\u00e7\u00e3o na \u00e1rea de museus h\u00e1, no m\u00ednimo, dois anos. Foram disponibilizadas duas categorias, sendo uma para manuten\u00e7\u00e3o, amplia\u00e7\u00e3o e moderniza\u00e7\u00e3o de museus, com 15 vagas e premia\u00e7\u00e3o de R$ 200 mil para cada; e a outra para circula\u00e7\u00e3o, com espa\u00e7o para 40 propostas contempladas, no valor de R$ 50 mil, somando 55 vagas e investimento de R$ 5 milh\u00f5es.<\/p>\n\n\n\n<p><strong>Edital de samba tem resultado de nota divulgado<\/strong><\/p>\n\n\n\n<p>Al\u00e9m do resultado preliminar de habilita\u00e7\u00e3o dos quatro editais da Pnab, a Sececrj tamb\u00e9m publicou nesta sexta-feira o resultado preliminar de nota do edital Ber\u00e7o de Bambas.&nbsp;Os proponentes poder\u00e3o apresentar recurso de nota das 9h do dia 10\/3 at\u00e9 as 18h do dia 13\/3, atrav\u00e9s da plataforma Desenvolve Cultura.<\/p>\n\n\n\n<p>A chamada p\u00fablica contempla 30 propostas, no valor de R$ 50 mil cada, somando investimento total de R$ 1,5 milh\u00e3o. Ber\u00e7o de Bambas \u00e9 voltado para pessoas jur\u00eddicas ou MEIs que representem grupos musicais especializados no g\u00eanero, formados por um ou mais vocalistas, com a presen\u00e7a de instrumentos como tantan, pandeiro e cavaquinho. A proposta tamb\u00e9m poder\u00e1 prever a contrata\u00e7\u00e3o de profissionais t\u00e9cnicos e art\u00edsticos envolvidos na elabora\u00e7\u00e3o e execu\u00e7\u00e3o do projeto. Os grupos premiados dever\u00e3o promover rodas de samba em ao menos dois munic\u00edpios do estado.&nbsp;<\/p>\n","protected":false},"excerpt":{"rendered":"<p>A Secretaria de Estado de Cultura e Economia Criativa do Rio de Janeiro (Sececrj) publicou<\/p>\n","protected":false},"author":2,"featured_media":100337,"comment_status":"open","ping_status":"open","sticky":false,"template":"","format":"standard","meta":{"footnotes":""},"categories":[17],"tags":[],"class_list":["post-100336","post","type-post","status-publish","format-standard","has-post-thumbnail","hentry","category-outras-noticias"],"_links":{"self":[{"href":"https:\/\/tvc16.com\/portal\/wp-json\/wp\/v2\/posts\/100336","targetHints":{"allow":["GET"]}}],"collection":[{"href":"https:\/\/tvc16.com\/portal\/wp-json\/wp\/v2\/posts"}],"about":[{"href":"https:\/\/tvc16.com\/portal\/wp-json\/wp\/v2\/types\/post"}],"author":[{"embeddable":true,"href":"https:\/\/tvc16.com\/portal\/wp-json\/wp\/v2\/users\/2"}],"replies":[{"embeddable":true,"href":"https:\/\/tvc16.com\/portal\/wp-json\/wp\/v2\/comments?post=100336"}],"version-history":[{"count":1,"href":"https:\/\/tvc16.com\/portal\/wp-json\/wp\/v2\/posts\/100336\/revisions"}],"predecessor-version":[{"id":100338,"href":"https:\/\/tvc16.com\/portal\/wp-json\/wp\/v2\/posts\/100336\/revisions\/100338"}],"wp:featuredmedia":[{"embeddable":true,"href":"https:\/\/tvc16.com\/portal\/wp-json\/wp\/v2\/media\/100337"}],"wp:attachment":[{"href":"https:\/\/tvc16.com\/portal\/wp-json\/wp\/v2\/media?parent=100336"}],"wp:term":[{"taxonomy":"category","embeddable":true,"href":"https:\/\/tvc16.com\/portal\/wp-json\/wp\/v2\/categories?post=100336"},{"taxonomy":"post_tag","embeddable":true,"href":"https:\/\/tvc16.com\/portal\/wp-json\/wp\/v2\/tags?post=100336"}],"curies":[{"name":"wp","href":"https:\/\/api.w.org\/{rel}","templated":true}]}}