{"id":100339,"date":"2025-03-08T17:00:00","date_gmt":"2025-03-08T20:00:00","guid":{"rendered":"https:\/\/tvc16.com\/portal\/?p=100339"},"modified":"2025-03-07T18:05:51","modified_gmt":"2025-03-07T21:05:51","slug":"cidadania-e-tema-de-curso","status":"publish","type":"post","link":"https:\/\/tvc16.com\/portal\/2025\/03\/08\/cidadania-e-tema-de-curso\/","title":{"rendered":"Cidadania \u00e9 tema de curso"},"content":{"rendered":"\n<p><em>Curso gratuito, com vagas limitadas. Inscri\u00e7\u00f5es terminam dia 14 de mar\u00e7o<\/em><\/p>\n\n\n\n<p><strong>&nbsp;&nbsp;&nbsp;&nbsp;&nbsp;&nbsp;&nbsp;&nbsp;&nbsp;&nbsp;&nbsp; \u201cCidadania e participa\u00e7\u00e3o social &#8211; Descubra seu poder de transforma\u00e7\u00e3o e fa\u00e7a a diferen\u00e7a\u201d<\/strong>. Este \u00e9 o tema do curso que o Instituto Philippe Gu\u00e9don (IPG) promove, nos dias 17, 18 e 19 de mar\u00e7o, das 18h \u00e0s 20h, em parceria com a ACEP, onde ser\u00e3o as aulas. O curso faz parte do ciclo de cursos e capacita\u00e7\u00f5es que ser\u00e3o oferecidos pelo IPG \u00e0 sociedade, de forma gratuita, durante este ano, com o prop\u00f3sito de fortalecer o papel da sociedade na gest\u00e3o do munic\u00edpio, especialmente nos campos da participa\u00e7\u00e3o social, na gest\u00e3o municipal, no planejamento estrat\u00e9gico de longo prazo para as pol\u00edticas municipais e no campo or\u00e7ament\u00e1rio.<\/p>\n\n\n\n<p>&nbsp;&nbsp;&nbsp;&nbsp;&nbsp;&nbsp;&nbsp;&nbsp;&nbsp;&nbsp;&nbsp;&nbsp;&nbsp;&nbsp;&nbsp; Para o Presidente do IPG, Cleveland Jones, \u201c\u00c9 uma satisfa\u00e7\u00e3o poder resgatar um pouco da mem\u00f3ria, do trabalho e das palavras de Philippe Gu\u00e9don na promo\u00e7\u00e3o de seus objetivos, ao incluir no curso alguns trechos did\u00e1ticos dos v\u00eddeos gravados por ele.\u201d Philippe Gu\u00e9don, \u00e9 considerado um \u00edcone da gest\u00e3o participativa em Petr\u00f3polis e \u2018sempre lutou para promover o pleno exerc\u00edcio da cidadania atrav\u00e9s da capacita\u00e7\u00e3o dos cidad\u00e3os, especialmente para a compreens\u00e3o de seu papel-chave na gest\u00e3o dos temas que afetam os mun\u00edcipes\u2019, destacou. Cleveland espera que a sociedade possa se valer desta e das oportunidades de participar dos cursos e qualifica\u00e7\u00f5es que o IPG promover\u00e1 em 2025, porque acredita que \u00e9 uma forma de preparar a sociedade para o pleno exerc\u00edcio da cidadania e da democracia participativa, e assim o IPG ajudar\u00e1 na constru\u00e7\u00e3o de um ambiente de mais oportunidades para o desenvolvimento de Petr\u00f3polis, e de mais qualidade de vida para todos\u201d.<\/p>\n\n\n\n<p>&nbsp;&nbsp;&nbsp;&nbsp;&nbsp;&nbsp;&nbsp;&nbsp;&nbsp;&nbsp;&nbsp; O curso ter\u00e1 como facilitadoras a arquiteta e urbanista, Karina Wilberg, e a Jornalista, p\u00f3s-graduada em Planejamento e Educa\u00e7\u00e3o Ambiental, Teresinha de Jesus Fidelles de Almeida, ambas com larga experi\u00eancia em associa\u00e7\u00f5es do Terceiro Setor.<\/p>\n\n\n\n<p>&nbsp;&nbsp;&nbsp;&nbsp;&nbsp;&nbsp;&nbsp;&nbsp;&nbsp;&nbsp;&nbsp; \u201cA ideia de fazer este curso surgiu a partir da percep\u00e7\u00e3o de membros do IPG sobre a baixa participa\u00e7\u00e3o da popula\u00e7\u00e3o em conselhos municipais, talvez pela desinforma\u00e7\u00e3o sobre como exercer a cidadania plena\u201d, explica Karina Wilberg. Por isso, o curso se faz necess\u00e1rio para que \u201cos participantes conhe\u00e7am melhor como funciona a estrutura da gest\u00e3o p\u00fablica e assim se motivem a participar de conselhos, associa\u00e7\u00f5es, grupos de discuss\u00f5es, observat\u00f3rios e demais ferramentas, para opinar e controlar as a\u00e7\u00f5es do poder p\u00fablico\u201d, ressalta Teresinha Almeida.<\/p>\n\n\n\n<p>&nbsp;&nbsp;&nbsp;&nbsp;&nbsp;&nbsp;&nbsp;&nbsp;&nbsp;&nbsp;&nbsp; O objetivo do curso \u00e9 desenvolver nos participantes o senso cr\u00edtico e a percep\u00e7\u00e3o dos direitos e deveres de cidadania para atuar na sociedade de forma colaborativa e consciente, al\u00e9m de conhecer as legisla\u00e7\u00f5es b\u00e1sicas sobre o tema para possibilitar a efetiva\u00e7\u00e3o da cidadania por meio das pol\u00edticas p\u00fablicas e das ferramentas de fiscaliza\u00e7\u00e3o existentes no seu munic\u00edpio, estado e pa\u00eds.<\/p>\n\n\n\n<p>&nbsp;&nbsp;&nbsp;&nbsp;&nbsp;&nbsp;&nbsp;&nbsp;&nbsp;&nbsp;&nbsp; Para Silvia Gu\u00e9don, Presidente de Honra do IPG \u201cCursos de cidadania s\u00e3o importantes para formar cidad\u00e3os ativos, conscientes de seus direitos e deveres, e capazes de intervir na sociedade. Cidadania \u00e9 fundamental para o funcionamento dos Munic\u00edpios,&nbsp; Estados e Governo Federal, pois permite aos indiv\u00edduos&nbsp; participar ativamente da evolu\u00e7\u00e3o da sociedade com&nbsp; consci\u00eancia, para transformar a sociedade mais justa e solid\u00e1ria\u201d.<\/p>\n\n\n\n<p>&nbsp;&nbsp;&nbsp;&nbsp;&nbsp;&nbsp;&nbsp;&nbsp;&nbsp;&nbsp;&nbsp; \u201cA ACEP entra como parceira nesse projeto para contribuir com o desenvolvimento de compet\u00eancias e a transforma\u00e7\u00e3o do conhecimento em a\u00e7\u00e3o. Essa parceria permite que duas institui\u00e7\u00f5es cres\u00e7am juntas e colaborem para fazer de Petr\u00f3polis uma refer\u00eancia em desenvolvimento regional sustent\u00e1vel\u201d, afirmou o diretor de inova\u00e7\u00e3o e novos neg\u00f3cios da ACEP, Roberto Musser.<\/p>\n\n\n\n<p>&nbsp;&nbsp;&nbsp;&nbsp;&nbsp;&nbsp;&nbsp;&nbsp;&nbsp;&nbsp;&nbsp; As inscri\u00e7\u00f5es para o curso, destinado a maiores de 18 anos, devem ser feitas at\u00e9 o dia 14 de mar\u00e7o atrav\u00e9s do link <a href=\"https:\/\/abrir.link\/YyjIe\">https:\/\/abrir.link\/YyjIe<\/a>. Ser\u00e3o elaborados certificados online para os interessados que informarem previamente. Qualquer d\u00favida ser\u00e1 esclarecida atrav\u00e9s do e-mail <a href=\"mailto:ipgpar@gmail.com\">ipgpar@gmail.com<\/a>.<\/p>\n\n\n\n<p><\/p>\n","protected":false},"excerpt":{"rendered":"<p>Curso gratuito, com vagas limitadas. Inscri\u00e7\u00f5es terminam dia 14 de mar\u00e7o &nbsp;&nbsp;&nbsp;&nbsp;&nbsp;&nbsp;&nbsp;&nbsp;&nbsp;&nbsp;&nbsp; \u201cCidadania e participa\u00e7\u00e3o<\/p>\n","protected":false},"author":2,"featured_media":100340,"comment_status":"open","ping_status":"open","sticky":false,"template":"","format":"standard","meta":{"footnotes":""},"categories":[12],"tags":[],"class_list":["post-100339","post","type-post","status-publish","format-standard","has-post-thumbnail","hentry","category-cidade"],"_links":{"self":[{"href":"https:\/\/tvc16.com\/portal\/wp-json\/wp\/v2\/posts\/100339","targetHints":{"allow":["GET"]}}],"collection":[{"href":"https:\/\/tvc16.com\/portal\/wp-json\/wp\/v2\/posts"}],"about":[{"href":"https:\/\/tvc16.com\/portal\/wp-json\/wp\/v2\/types\/post"}],"author":[{"embeddable":true,"href":"https:\/\/tvc16.com\/portal\/wp-json\/wp\/v2\/users\/2"}],"replies":[{"embeddable":true,"href":"https:\/\/tvc16.com\/portal\/wp-json\/wp\/v2\/comments?post=100339"}],"version-history":[{"count":1,"href":"https:\/\/tvc16.com\/portal\/wp-json\/wp\/v2\/posts\/100339\/revisions"}],"predecessor-version":[{"id":100341,"href":"https:\/\/tvc16.com\/portal\/wp-json\/wp\/v2\/posts\/100339\/revisions\/100341"}],"wp:featuredmedia":[{"embeddable":true,"href":"https:\/\/tvc16.com\/portal\/wp-json\/wp\/v2\/media\/100340"}],"wp:attachment":[{"href":"https:\/\/tvc16.com\/portal\/wp-json\/wp\/v2\/media?parent=100339"}],"wp:term":[{"taxonomy":"category","embeddable":true,"href":"https:\/\/tvc16.com\/portal\/wp-json\/wp\/v2\/categories?post=100339"},{"taxonomy":"post_tag","embeddable":true,"href":"https:\/\/tvc16.com\/portal\/wp-json\/wp\/v2\/tags?post=100339"}],"curies":[{"name":"wp","href":"https:\/\/api.w.org\/{rel}","templated":true}]}}