{"id":100342,"date":"2025-03-08T18:00:00","date_gmt":"2025-03-08T21:00:00","guid":{"rendered":"https:\/\/tvc16.com\/portal\/?p=100342"},"modified":"2025-03-07T18:13:27","modified_gmt":"2025-03-07T21:13:27","slug":"lula-cogita-medidas-drasticas-para-conter-alta-dos-alimentos","status":"publish","type":"post","link":"https:\/\/tvc16.com\/portal\/2025\/03\/08\/lula-cogita-medidas-drasticas-para-conter-alta-dos-alimentos\/","title":{"rendered":"Lula cogita &#8220;medidas dr\u00e1sticas&#8221; para conter alta dos alimentos"},"content":{"rendered":"\n<p>Presidente diz que pode adotar atitudes \u201cmais dr\u00e1sticas\u201d<\/p>\n\n\n\n<p>O presidente Luiz In\u00e1cio Lula da Silva afirmou, nesta sexta-feira (7), que<strong>&nbsp;pode tomar medidas \u201cmais dr\u00e1sticas\u201d para baixar o custo dos alimentos aos consumidores e culpou os \u201catravessadores\u201d pelo alta do&nbsp;<a href=\"https:\/\/agenciabrasil.ebc.com.br\/radioagencia-nacional\/politica\/audio\/2025-02\/lula-diz-que-preco-do-ovo-e-absurdo-e-vai-conversar-com-empresarios\" target=\"_blank\" rel=\"noreferrer noopener\">pre\u00e7o dos ovos<\/a>&nbsp;no pa\u00eds<\/strong>. Entretanto,&nbsp;Lula n\u00e3o explicou que medidas seriam essas, ao falar sobre o assunto durante&nbsp;<a href=\"https:\/\/agenciabrasil.ebc.com.br\/politica\/noticia\/2025-03\/lula-entrega-mais-de-12-mil-lotes-de-terras-da-reforma-agraria\" target=\"_blank\" rel=\"noreferrer noopener\">evento em Campo do Meio<\/a>&nbsp;(MG).<img decoding=\"async\" src=\"https:\/\/agenciabrasil.ebc.com.br\/ebc.png?id=1633619&amp;o=node\"><img decoding=\"async\" src=\"https:\/\/agenciabrasil.ebc.com.br\/ebc.gif?id=1633619&amp;o=node\"><\/p>\n\n\n\n<p>\u201cEu quero encontrar uma explica\u00e7\u00e3o para o pre\u00e7o do ovo\u201d, disse. \u201cO ovo est\u00e1 saindo do controle. Uns dizem que \u00e9 o calor, outros dizem que \u00e9 exporta\u00e7\u00e3o e eu estou atr\u00e1s [da explica\u00e7\u00e3o]\u201d, acrescentou Lula.<\/p>\n\n\n\n<p>O presidente diz que o governo quer encontrar uma solu\u00e7\u00e3o pac\u00edfica,&nbsp;&#8220;mas se a gente n\u00e3o encontrar, a gente vai ter que tomar atitudes mais dr\u00e1sticas, porque o que interessa \u00e9 levar a comida barata para mesa do povo brasileiro\u201d, afirmou, defendendo que tamb\u00e9m \u00e9 preciso pagar um pre\u00e7o justo aos produtores.<\/p>\n\n\n\n<blockquote class=\"wp-block-quote is-layout-flow wp-block-quote-is-layout-flow\">\n<p>\u201cA gente n\u00e3o quer que o produtor tenha preju\u00edzo. O que n\u00f3s precisamos \u00e9 saber que tem atravessador no meio. Entre o produtor e o consumidor deve ter muita gente que mete o dedo no meio. E n\u00f3s vamos descobrir quem \u00e9 o respons\u00e1vel por isso\u201d, refor\u00e7ou.<\/p>\n<\/blockquote>\n\n\n\n<p><strong>Segundo o presidente, de janeiro de 2023 a janeiro de 2025, a caixa do ovo com 30 d\u00fazias variou pr\u00f3ximo de R$ 140. No m\u00eas de fevereiro deste ano, ela subiu para R$ 210.<\/strong>&nbsp;\u201cEu quero saber porque que ela deu esse salto. Quem \u00e9 que meteu o bedelho e chutou a bola para cima?\u201d, questionou.<\/p>\n\n\n\n<h2 class=\"wp-block-heading\">Produtividade<\/h2>\n\n\n\n<p><strong>De acordo com a Associa\u00e7\u00e3o Brasileira de Prote\u00edna Animal (ABPA) a alta no pre\u00e7o dos ovos \u00e9 uma \u201csitua\u00e7\u00e3o sazonal, comum ao per\u00edodo pr\u00e9 e durante a quaresma [per\u00edodo em que algumas comunidades crist\u00e3s se preparam para a&nbsp;P\u00e1scoa]\u201d,<\/strong>&nbsp;quando as fam\u00edlias costumam substituir o consumo de carnes vermelhas por ovos.<\/p>\n\n\n\n<p><strong>A associa\u00e7\u00e3o ainda cita aumento nos custos de produ\u00e7\u00e3o, como o pre\u00e7o do milho e das embalagens, e as &#8220;temperaturas em n\u00edveis hist\u00f3ricos\u201d, que impactam na produtividade das aves.<\/strong><\/p>\n\n\n\n<p>Para a entidade, o&nbsp;<strong>mercado dever\u00e1 se normalizar at\u00e9 o final do per\u00edodo da quaresma,<\/strong>&nbsp;com o restabelecimento dos patamares de consumo das diversas prote\u00ednas. A ABPA lembrou que, embora em alta, as exporta\u00e7\u00f5es de ovos t\u00eam efeito praticamente nulo sobre a oferta interna, j\u00e1 que representam menos de 1% das 59 bilh\u00f5es de unidades que dever\u00e3o ser produzidas este ano.<\/p>\n\n\n\n<h2 class=\"wp-block-heading\">Redu\u00e7\u00e3o de impostos<\/h2>\n\n\n\n<p>Nesta quinta-feira (6), o governo federal anunciou algumas medidas para reduzir os pre\u00e7os dos alimentos ao consumidor, entre elas a<a href=\"https:\/\/agenciabrasil.ebc.com.br\/economia\/noticia\/2025-03\/saiba-quais-alimentos-terao-tarifa-zero-de-importacao\" target=\"_blank\" rel=\"noreferrer noopener\">&nbsp;isen\u00e7\u00e3o do imposto de importa\u00e7\u00e3o<\/a>&nbsp;de nove produtos aliment\u00edcios considerados essenciais. A medida incidir\u00e1 sobre&nbsp;<strong>caf\u00e9, azeite, a\u00e7\u00facar, milho, \u00f3leo de girassol, sardinha, biscoitos, macarr\u00e3o e carnes.<\/strong><\/p>\n\n\n\n<p>A redu\u00e7\u00e3o das tarifas de importa\u00e7\u00f5es sobre os itens entrar\u00e1 em vigor nos pr\u00f3ximos dias, ap\u00f3s serem aprovadas pela C\u00e2mara de Com\u00e9rcio Exterior (Camex).<\/p>\n\n\n\n<blockquote class=\"wp-block-quote is-layout-flow wp-block-quote-is-layout-flow\">\n<p>\u201cN\u00f3s vamos encontrar uma solu\u00e7\u00e3o, porque eu tenho certeza que nesse pa\u00eds todo mundo tem interesse que o povo possa comer bem. Comida de qualidade, comida saud\u00e1vel, comida, de prefer\u00eancia, org\u00e2nica para que a gente possa ter qualidade de vida. N\u00f3s, ent\u00e3o, estamos muito ansiosos, o governo inteiro est\u00e1 preocupado, tem muito empres\u00e1rios tamb\u00e9m que est\u00e1 preocupado\u201d, disse Lula.<\/p>\n<\/blockquote>\n","protected":false},"excerpt":{"rendered":"<p>Presidente diz que pode adotar atitudes \u201cmais dr\u00e1sticas\u201d O presidente Luiz In\u00e1cio Lula da Silva<\/p>\n","protected":false},"author":2,"featured_media":100343,"comment_status":"open","ping_status":"open","sticky":false,"template":"","format":"standard","meta":{"footnotes":""},"categories":[17],"tags":[],"class_list":["post-100342","post","type-post","status-publish","format-standard","has-post-thumbnail","hentry","category-outras-noticias"],"_links":{"self":[{"href":"https:\/\/tvc16.com\/portal\/wp-json\/wp\/v2\/posts\/100342","targetHints":{"allow":["GET"]}}],"collection":[{"href":"https:\/\/tvc16.com\/portal\/wp-json\/wp\/v2\/posts"}],"about":[{"href":"https:\/\/tvc16.com\/portal\/wp-json\/wp\/v2\/types\/post"}],"author":[{"embeddable":true,"href":"https:\/\/tvc16.com\/portal\/wp-json\/wp\/v2\/users\/2"}],"replies":[{"embeddable":true,"href":"https:\/\/tvc16.com\/portal\/wp-json\/wp\/v2\/comments?post=100342"}],"version-history":[{"count":1,"href":"https:\/\/tvc16.com\/portal\/wp-json\/wp\/v2\/posts\/100342\/revisions"}],"predecessor-version":[{"id":100344,"href":"https:\/\/tvc16.com\/portal\/wp-json\/wp\/v2\/posts\/100342\/revisions\/100344"}],"wp:featuredmedia":[{"embeddable":true,"href":"https:\/\/tvc16.com\/portal\/wp-json\/wp\/v2\/media\/100343"}],"wp:attachment":[{"href":"https:\/\/tvc16.com\/portal\/wp-json\/wp\/v2\/media?parent=100342"}],"wp:term":[{"taxonomy":"category","embeddable":true,"href":"https:\/\/tvc16.com\/portal\/wp-json\/wp\/v2\/categories?post=100342"},{"taxonomy":"post_tag","embeddable":true,"href":"https:\/\/tvc16.com\/portal\/wp-json\/wp\/v2\/tags?post=100342"}],"curies":[{"name":"wp","href":"https:\/\/api.w.org\/{rel}","templated":true}]}}