{"id":100345,"date":"2025-03-09T09:00:00","date_gmt":"2025-03-09T12:00:00","guid":{"rendered":"https:\/\/tvc16.com\/portal\/?p=100345"},"modified":"2025-03-07T18:18:56","modified_gmt":"2025-03-07T21:18:56","slug":"inscricoes-para-o-processo-seletivo-para-orquestra-de-camara-do-palacio-itaborai-vao-ate-a-proxima-quarta-feira","status":"publish","type":"post","link":"https:\/\/tvc16.com\/portal\/2025\/03\/09\/inscricoes-para-o-processo-seletivo-para-orquestra-de-camara-do-palacio-itaborai-vao-ate-a-proxima-quarta-feira\/","title":{"rendered":"Inscri\u00e7\u00f5es para o processo seletivo para Orquestra de C\u00e2mara do Pal\u00e1cio Itabora\u00ed v\u00e3o at\u00e9 a pr\u00f3xima quarta-feira"},"content":{"rendered":"\n<p>Podem se inscrever estudantes da rede p\u00fablica que estejam cursando entre o 7\u00ba ano do ensino fundamental e o 1\u00ba ano do ensino m\u00e9dio. Sele\u00e7\u00e3o ser\u00e1 no dia 15 de mar\u00e7o<\/p>\n\n\n\n<p>O processo seletivo da Orquestra de C\u00e2mara do Pal\u00e1cio Itabora\u00ed (OCPIT) est\u00e1 com vagas abertas e os interessados t\u00eam at\u00e9 a pr\u00f3xima quarta-feira, dia 12 de mar\u00e7o, para fazer a inscri\u00e7\u00e3o. As vagas s\u00e3o para flauta, violino, violoncelo e contrabaixo, com in\u00edcio imediato. Tamb\u00e9m h\u00e1 cadastro de reserva para viola de arco e clarinete. Podem se inscrever estudantes da rede p\u00fablica que estejam cursando entre o 7\u00ba ano do ensino fundamental e o 1\u00ba ano do ensino m\u00e9dio.<\/p>\n\n\n\n<p>O curso \u00e9 gratuito e tem dura\u00e7\u00e3o de tr\u00eas anos, com aulas realizadas no per\u00edodo da tarde, tr\u00eas vezes por semana. N\u00e3o \u00e9 necess\u00e1rio conhecimento pr\u00e9vio de m\u00fasica e todos os materiais e instrumentos necess\u00e1rios s\u00e3o fornecidos pela OCPIT.<\/p>\n\n\n\n<p>As inscri\u00e7\u00f5es devem ser feitas pelo whatsapp: (24) 2103-2181. A sele\u00e7\u00e3o ser\u00e1 realizada no dia 15 de mar\u00e7o, no turno da manh\u00e3, no Pal\u00e1cio Itabora\u00ed, localizado na Rua Visconde de Itabora\u00ed, n\u00ba 188, no Valpara\u00edso.<\/p>\n\n\n\n<p>A OCPIT \u00e9 um projeto sociocultural do F\u00f3rum Itabora\u00ed: Pol\u00edtica, Ci\u00eancia e Cultura na Sa\u00fade (Fiocruz\/Petr\u00f3polis), criado em 2013. Com uma carga hor\u00e1ria anual de 300 horas, o programa inclui aulas te\u00f3ricas e pr\u00e1ticas, masterclasses, interc\u00e2mbios com universidades de m\u00fasica e apresenta\u00e7\u00f5es regulares de concertos para diversos p\u00fablicos, incluindo escolas da rede p\u00fablica de Petr\u00f3polis.<\/p>\n\n\n\n<p>O projeto tamb\u00e9m prepara os alunos interessados em ingressar em universidades p\u00fablicas para os Testes de Habilidades Espec\u00edficas (THE) das Escolas Superiores de M\u00fasica. Mais informa\u00e7\u00f5es sobre a Orquestra est\u00e3o dispon\u00edveis no site oficial do F\u00f3rum Itabora\u00ed (https:\/\/forumitaborai.fiocruz.br\/).<\/p>\n\n\n\n<p>Servi\u00e7o:<br>Processo seletivo para a Orquestra de C\u00e2mara do Pal\u00e1cio Itabora\u00ed (OCPIT)<br>Vagas: Flauta, violino, violoncelo e contrabaixo (in\u00edcio imediato); cadastro de reserva para viola de arco e clarinete<br>Quem pode participar: Estudantes da rede p\u00fablica de ensino de Petr\u00f3polis?, prioritariamente entre o 7\u00ba ano do ensino fundamental e o 1\u00ba ano do ensino m\u00e9dio<br>Inscri\u00e7\u00f5es: At\u00e9 12 de mar\u00e7o, pelo WhatsApp do F\u00f3rum Itabora\u00ed<br>Sele\u00e7\u00e3o: Dia 15 de mar\u00e7o, pela manh\u00e3<br>Local: Pal\u00e1cio Itabora\u00ed \u2013 Rua Visconde de Itabora\u00ed, n\u00ba 188, Valpara\u00edso, Petr\u00f3polis<\/p>\n","protected":false},"excerpt":{"rendered":"<p>Podem se inscrever estudantes da rede p\u00fablica que estejam cursando entre o 7\u00ba ano do<\/p>\n","protected":false},"author":2,"featured_media":100346,"comment_status":"open","ping_status":"open","sticky":false,"template":"","format":"standard","meta":{"footnotes":""},"categories":[12],"tags":[],"class_list":["post-100345","post","type-post","status-publish","format-standard","has-post-thumbnail","hentry","category-cidade"],"_links":{"self":[{"href":"https:\/\/tvc16.com\/portal\/wp-json\/wp\/v2\/posts\/100345","targetHints":{"allow":["GET"]}}],"collection":[{"href":"https:\/\/tvc16.com\/portal\/wp-json\/wp\/v2\/posts"}],"about":[{"href":"https:\/\/tvc16.com\/portal\/wp-json\/wp\/v2\/types\/post"}],"author":[{"embeddable":true,"href":"https:\/\/tvc16.com\/portal\/wp-json\/wp\/v2\/users\/2"}],"replies":[{"embeddable":true,"href":"https:\/\/tvc16.com\/portal\/wp-json\/wp\/v2\/comments?post=100345"}],"version-history":[{"count":1,"href":"https:\/\/tvc16.com\/portal\/wp-json\/wp\/v2\/posts\/100345\/revisions"}],"predecessor-version":[{"id":100347,"href":"https:\/\/tvc16.com\/portal\/wp-json\/wp\/v2\/posts\/100345\/revisions\/100347"}],"wp:featuredmedia":[{"embeddable":true,"href":"https:\/\/tvc16.com\/portal\/wp-json\/wp\/v2\/media\/100346"}],"wp:attachment":[{"href":"https:\/\/tvc16.com\/portal\/wp-json\/wp\/v2\/media?parent=100345"}],"wp:term":[{"taxonomy":"category","embeddable":true,"href":"https:\/\/tvc16.com\/portal\/wp-json\/wp\/v2\/categories?post=100345"},{"taxonomy":"post_tag","embeddable":true,"href":"https:\/\/tvc16.com\/portal\/wp-json\/wp\/v2\/tags?post=100345"}],"curies":[{"name":"wp","href":"https:\/\/api.w.org\/{rel}","templated":true}]}}