{"id":100348,"date":"2025-03-09T10:00:00","date_gmt":"2025-03-09T13:00:00","guid":{"rendered":"https:\/\/tvc16.com\/portal\/?p=100348"},"modified":"2025-03-07T18:25:37","modified_gmt":"2025-03-07T21:25:37","slug":"governo-do-estado-lanca-mutirao-de-renegociacao-de-dividas-na-ii-semana-do-consumidor","status":"publish","type":"post","link":"https:\/\/tvc16.com\/portal\/2025\/03\/09\/governo-do-estado-lanca-mutirao-de-renegociacao-de-dividas-na-ii-semana-do-consumidor\/","title":{"rendered":"Governo do Estado Lan\u00e7a Mutir\u00e3o de Renegocia\u00e7\u00e3o de D\u00edvidas na II Semana do Consumidor"},"content":{"rendered":"\n<p><em>A\u00e7\u00e3o ser\u00e1 realizada pela Secretaria de Estado de Defesa do Consumidor e Procon-RJ em sete regi\u00f5es do estado<\/em><\/p>\n\n\n\n<p>O Governo do Estado, por meio da Secretaria de Estado de Defesa do Consumidor (SEDCON) e do Procon-RJ, promove, entre os dias 10 e 14 de mar\u00e7o, a II Semana do Consumidor. A programa\u00e7\u00e3o deste ano traz uma novidade in\u00e9dita: um mutir\u00e3o simult\u00e2neo de renegocia\u00e7\u00e3o de d\u00edvidas em sete regi\u00f5es do estado, beneficiando milhares de consumidores em situa\u00e7\u00e3o de vulnerabilidade financeira.<\/p>\n\n\n\n<p>De acordo com o governador Cl\u00e1udio Castro, a iniciativa reafirma o compromisso da atual gest\u00e3o com a defesa dos direitos do consumidor, promovendo inclus\u00e3o financeira e solu\u00e7\u00f5es concretas para os desafios enfrentados pela popula\u00e7\u00e3o.<\/p>\n\n\n\n<p>&#8211; &nbsp;Nosso governo tem como prioridade oferecer solu\u00e7\u00f5es reais para a popula\u00e7\u00e3o. Sabemos que muitas fam\u00edlias enfrentam dificuldades financeiras e, com este mutir\u00e3o, queremos garantir que todos tenham a oportunidade de renegociar suas d\u00edvidas, recuperar seu poder de compra e recome\u00e7ar com mais seguran\u00e7a &#8211; &nbsp;destaca o governador Cl\u00e1udio Castro.<\/p>\n\n\n\n<p>O Mutir\u00e3o da Renegocia\u00e7\u00e3o do Consumidor reunir\u00e1 mais de 17 empresas, incluindo bancos, operadoras de telefonia, varejistas e concession\u00e1rias de servi\u00e7os essenciais. Os atendimentos ocorrer\u00e3o nas seguintes regi\u00f5es: Rio de Janeiro (Regi\u00e3o Metropolitana), Cabo Frio (Baixadas Litor\u00e2neas), Campos dos Goytacazes (Norte Fluminense), Itaperuna (Noroeste Fluminense), &nbsp;Petr\u00f3polis (Regi\u00e3o Serrana), Volta Redonda (M\u00e9dio Para\u00edba) e Mangaratiba (Costa Verde).<\/p>\n\n\n\n<p>Al\u00e9m da renegocia\u00e7\u00e3o de d\u00edvidas, a programa\u00e7\u00e3o gratuita da II Semana do Consumidor contar\u00e1 com palestras e pain\u00e9is abordando temas como protagonismo feminino, regula\u00e7\u00e3o de jogos digitais, hipervulnerabilidade do idoso e inclus\u00e3o de pessoas com defici\u00eancia. Os eventos acontecer\u00e3o no Pal\u00e1cio Tiradentes e no Centro Integrado de Comando e Controle (CICC).<\/p>\n\n\n\n<p>&#8211; &nbsp;A II Semana do Consumidor refor\u00e7a nosso compromisso em proteger os consumidores, principalmente os mais vulner\u00e1veis. Queremos n\u00e3o apenas resolver pend\u00eancias financeiras, mas tamb\u00e9m promover educa\u00e7\u00e3o financeira e inclus\u00e3o social &#8211; afirma o secret\u00e1rio da SEDCON, Gutemberg Fonseca.<\/p>\n\n\n\n<p>As inscri\u00e7\u00f5es para as palestras e pain\u00e9is podem ser feitas pelo link:&nbsp;<a href=\"https:\/\/www.rj.gov.br\/sedconsumidor\/semana\" target=\"_blank\" rel=\"noreferrer noopener\">https:\/\/www.rj.gov.br\/sedconsumidor\/semana<\/a>.<\/p>\n\n\n\n<p><strong>Como participar do mutir\u00e3o<\/strong><\/p>\n\n\n\n<p>Levar documento oficial com foto (RG ou CNH) e comprovante da d\u00edvida. As senhas ser\u00e3o distribu\u00eddas das 10h \u00e0s 13h e os atendimentos ser\u00e3o mediados por t\u00e9cnicos da SEDCON e do PROCON-RJ para garantir acordos seguros e v\u00e1lidos.<\/p>\n\n\n\n<p><strong>Locais do mutir\u00e3o<\/strong><\/p>\n\n\n\n<p>Rio de Janeiro (Capital): Centro de Conven\u00e7\u00f5es ExpoMag \u2013 Rua Beatriz Larragoiti Lucas, Cidade Nova.<\/p>\n\n\n\n<p>Cabo Frio (Baixada Litor\u00e2nea): Pra\u00e7a Porto Rocha &#8211; Avenida Assun\u00e7\u00e3o, Centro.<\/p>\n\n\n\n<p>Campos dos Goytacazes (Norte Fluminense): Col\u00e9gio Estadual Doutor Thiers Cardoso &#8211; Av. Tarc\u00edsio Miranda, 19, Parque Tarc\u00edsio Miranda.<\/p>\n\n\n\n<p>Volta Redonda (M\u00e9dio Para\u00edba): Procon de Volta Redonda &#8211; Rua Paulo Leopoldo Mar\u00e7al, 117, Aterrado.<\/p>\n\n\n\n<p>Petr\u00f3polis (Regi\u00e3o Serrana): Casa dos Conselhos &#8211; Avenida Koeler, 260, Centro.<\/p>\n\n\n\n<p>Mangaratiba (Costa Verde): Subsecretaria de Desenvolvimento Econ\u00f4mico &#8211; Avenida Vereador C\u00e9lio Lopes, 61, Centro.<\/p>\n\n\n\n<p>Itaperuna (Regir\u00e3o Noroeste): Procon de Itaperuna &#8211; Avenida Porto Alegre, 267, Cidade Nova<\/p>\n","protected":false},"excerpt":{"rendered":"<p>A\u00e7\u00e3o ser\u00e1 realizada pela Secretaria de Estado de Defesa do Consumidor e Procon-RJ em sete<\/p>\n","protected":false},"author":2,"featured_media":95092,"comment_status":"open","ping_status":"open","sticky":false,"template":"","format":"standard","meta":{"footnotes":""},"categories":[17],"tags":[],"class_list":["post-100348","post","type-post","status-publish","format-standard","has-post-thumbnail","hentry","category-outras-noticias"],"_links":{"self":[{"href":"https:\/\/tvc16.com\/portal\/wp-json\/wp\/v2\/posts\/100348","targetHints":{"allow":["GET"]}}],"collection":[{"href":"https:\/\/tvc16.com\/portal\/wp-json\/wp\/v2\/posts"}],"about":[{"href":"https:\/\/tvc16.com\/portal\/wp-json\/wp\/v2\/types\/post"}],"author":[{"embeddable":true,"href":"https:\/\/tvc16.com\/portal\/wp-json\/wp\/v2\/users\/2"}],"replies":[{"embeddable":true,"href":"https:\/\/tvc16.com\/portal\/wp-json\/wp\/v2\/comments?post=100348"}],"version-history":[{"count":1,"href":"https:\/\/tvc16.com\/portal\/wp-json\/wp\/v2\/posts\/100348\/revisions"}],"predecessor-version":[{"id":100349,"href":"https:\/\/tvc16.com\/portal\/wp-json\/wp\/v2\/posts\/100348\/revisions\/100349"}],"wp:featuredmedia":[{"embeddable":true,"href":"https:\/\/tvc16.com\/portal\/wp-json\/wp\/v2\/media\/95092"}],"wp:attachment":[{"href":"https:\/\/tvc16.com\/portal\/wp-json\/wp\/v2\/media?parent=100348"}],"wp:term":[{"taxonomy":"category","embeddable":true,"href":"https:\/\/tvc16.com\/portal\/wp-json\/wp\/v2\/categories?post=100348"},{"taxonomy":"post_tag","embeddable":true,"href":"https:\/\/tvc16.com\/portal\/wp-json\/wp\/v2\/tags?post=100348"}],"curies":[{"name":"wp","href":"https:\/\/api.w.org\/{rel}","templated":true}]}}