{"id":100350,"date":"2025-03-09T11:00:00","date_gmt":"2025-03-09T14:00:00","guid":{"rendered":"https:\/\/tvc16.com\/portal\/?p=100350"},"modified":"2025-03-07T18:24:15","modified_gmt":"2025-03-07T21:24:15","slug":"petropolis-e-destaque-nacional-em-educacao-com-projeto-inspirador","status":"publish","type":"post","link":"https:\/\/tvc16.com\/portal\/2025\/03\/09\/petropolis-e-destaque-nacional-em-educacao-com-projeto-inspirador\/","title":{"rendered":"Petr\u00f3polis \u00e9 destaque nacional em educa\u00e7\u00e3o com projeto inspirador"},"content":{"rendered":"\n<p>Escola Municipal Beatriz Zaleski \u00e9 selecionada pelo CAEd 2025 para compartilhar pr\u00e1ticas educacionais inovadoras, refor\u00e7ando o compromisso da Prefeitura com a excel\u00eancia no ensino p\u00fablico<\/p>\n\n\n\n<p>A Prefeitura de Petr\u00f3polis, por meio da Secretaria de Educa\u00e7\u00e3o, celebra uma conquista significativa: a inclus\u00e3o da Escola Municipal Beatriz Zaleski entre as dez institui\u00e7\u00f5es selecionadas pelo Centro de Pol\u00edticas P\u00fablicas e Avalia\u00e7\u00e3o da Educa\u00e7\u00e3o (CAEd) para compartilhar pr\u00e1ticas educacionais inspiradoras em 2025. O CAEd, vinculado \u00e0 Universidade Federal de Juiz de Fora (UFJF), \u00e9 renomado por desenvolver estudos e avalia\u00e7\u00f5es que visam aprimorar a qualidade do ensino no Brasil.<\/p>\n\n\n\n<p>\u201cA participa\u00e7\u00e3o de Petr\u00f3polis no CAEd 2025 \u00e9 uma marca diferenciada que reflete nosso compromisso cont\u00ednuo com a excel\u00eancia educacional. Este reconhecimento nacional \u00e9 fruto do trabalho \u00e1rduo de nossos educadores, neste caso, da diretora Marcia Regina e sua equipe, que com muita dedica\u00e7\u00e3o conseguiu obter essa posi\u00e7\u00e3o\u201d, atestou o prefeito Hingo Hammes.<\/p>\n\n\n\n<p>\u201cEste resultado \u00e9 um testemunho do esfor\u00e7o coletivo de nossos profissionais da educa\u00e7\u00e3o. Parabenizo a diretora da Escola Beatriz Zaleski por esse feito. Vale destacar que a inova\u00e7\u00e3o e a dedica\u00e7\u00e3o presentes em nossas escolas s\u00e3o fundamentais para alcan\u00e7ar patamares elevados de qualidade no ensino\u201d, ponta o secret\u00e1rio de Educa\u00e7\u00e3o, Alexandre Gurgel.<\/p>\n\n\n\n<p>A diretora da Escola Municipal Beatriz Zaleski, M\u00e1rcia Regina da Silva Couto, compartilhou seu orgulho e gratid\u00e3o. \u201cSermos selecionados pelo CAEd para compartilhar nossas pr\u00e1ticas \u00e9 uma honra imensa. Isso demonstra que, mesmo diante dos desafios, \u00e9 poss\u00edvel transformar a educa\u00e7\u00e3o com iniciativas criativas e eficazes\u201d, disse ela.<\/p>\n\n\n\n<p>Fundada em 1971, a Escola Municipal Beatriz Zaleski est\u00e1 localizada na Posse, 5\u00ba distrito de Petr\u00f3polis. A institui\u00e7\u00e3o oferece Educa\u00e7\u00e3o Infantil e Ensino Fundamental, atendendo a uma comunidade diversa e comprometida com a educa\u00e7\u00e3o de qualidade. Nos \u00faltimos anos, a escola implementou projetos inovadores, como a cria\u00e7\u00e3o da Sala de Recursos Multifuncionais, destinada a oferecer atendimento pedag\u00f3gico especializado a alunos com necessidades educacionais espec\u00edficas, e a Sala de Leitura \u201cFonte do Saber\u201d, que visa incentivar o h\u00e1bito da leitura entre os estudantes.<\/p>\n","protected":false},"excerpt":{"rendered":"<p>Escola Municipal Beatriz Zaleski \u00e9 selecionada pelo CAEd 2025 para compartilhar pr\u00e1ticas educacionais inovadoras, refor\u00e7ando<\/p>\n","protected":false},"author":2,"featured_media":100351,"comment_status":"open","ping_status":"open","sticky":false,"template":"","format":"standard","meta":{"footnotes":""},"categories":[12],"tags":[],"class_list":["post-100350","post","type-post","status-publish","format-standard","has-post-thumbnail","hentry","category-cidade"],"_links":{"self":[{"href":"https:\/\/tvc16.com\/portal\/wp-json\/wp\/v2\/posts\/100350","targetHints":{"allow":["GET"]}}],"collection":[{"href":"https:\/\/tvc16.com\/portal\/wp-json\/wp\/v2\/posts"}],"about":[{"href":"https:\/\/tvc16.com\/portal\/wp-json\/wp\/v2\/types\/post"}],"author":[{"embeddable":true,"href":"https:\/\/tvc16.com\/portal\/wp-json\/wp\/v2\/users\/2"}],"replies":[{"embeddable":true,"href":"https:\/\/tvc16.com\/portal\/wp-json\/wp\/v2\/comments?post=100350"}],"version-history":[{"count":1,"href":"https:\/\/tvc16.com\/portal\/wp-json\/wp\/v2\/posts\/100350\/revisions"}],"predecessor-version":[{"id":100352,"href":"https:\/\/tvc16.com\/portal\/wp-json\/wp\/v2\/posts\/100350\/revisions\/100352"}],"wp:featuredmedia":[{"embeddable":true,"href":"https:\/\/tvc16.com\/portal\/wp-json\/wp\/v2\/media\/100351"}],"wp:attachment":[{"href":"https:\/\/tvc16.com\/portal\/wp-json\/wp\/v2\/media?parent=100350"}],"wp:term":[{"taxonomy":"category","embeddable":true,"href":"https:\/\/tvc16.com\/portal\/wp-json\/wp\/v2\/categories?post=100350"},{"taxonomy":"post_tag","embeddable":true,"href":"https:\/\/tvc16.com\/portal\/wp-json\/wp\/v2\/tags?post=100350"}],"curies":[{"name":"wp","href":"https:\/\/api.w.org\/{rel}","templated":true}]}}