{"id":100356,"date":"2025-03-08T08:00:00","date_gmt":"2025-03-08T11:00:00","guid":{"rendered":"https:\/\/tvc16.com\/portal\/?p=100356"},"modified":"2025-03-07T18:31:11","modified_gmt":"2025-03-07T21:31:11","slug":"mes-da-mulher-prefeitura-homenageia-servidoras-municipais-com-o-premio-mulher-destaque","status":"publish","type":"post","link":"https:\/\/tvc16.com\/portal\/2025\/03\/08\/mes-da-mulher-prefeitura-homenageia-servidoras-municipais-com-o-premio-mulher-destaque\/","title":{"rendered":"M\u00eas da Mulher: Prefeitura homenageia servidoras municipais com o Pr\u00eamio Mulher Destaque"},"content":{"rendered":"\n<p>Abrindo a programa\u00e7\u00e3o do M\u00eas da Mulher, a Prefeitura de Petr\u00f3polis realizou na tarde desta sexta-feira (07), o Pr\u00eamio Mulher Destaque, que homenageou servidoras municipais. A premia\u00e7\u00e3o na Casa dos Conselhos Municipais Augusto Angelo Zanatta e contou ainda com o show de Larissa Viana, na escadaria do Pal\u00e1cio S\u00e9rgio Fadel (sede da Prefeitura).<\/p>\n\n\n\n<p>\u201c\u00c9 uma homenagem singela aquelas que fazem muito pela nossa cidade. Agrade\u00e7o pela parceria, pelo trabalho e empenho de todas voc\u00eas que trabalham diariamente para fazer uma cidade melhor\u201d, comentou o prefeito Hingo Hammes, ressaltando que o Dia Internacional \u00e9 um dia tamb\u00e9m de reflex\u00e3o.<\/p>\n\n\n\n<p>O Pr\u00eamio Mulher Destaque \u00e9 promovido pela Prefeitura de Petr\u00f3polis e celebra o Dia Internacional da Mulher (comemorado em todo o mundo no dia 08 de mar\u00e7o). \u201cO dia 08 de mar\u00e7o n\u00e3o \u00e9 apenas de celebra\u00e7\u00e3o, mas tamb\u00e9m de representa\u00e7\u00e3o e reivindica\u00e7\u00e3o dos nossos direitos e ainda temos muito que avan\u00e7ar na igualdade de g\u00eanero\u201d, comentou a secret\u00e1ria Chefe de Gabinete e Mulher, Rosangela Stumpf.<\/p>\n\n\n\n<p>\u201cEssa data \u00e9 a representatividade, luta e garra e for\u00e7a das mulheres. Que possamos estar unidas com o prop\u00f3sito de alcan\u00e7ar mais espa\u00e7os e sermos valorizadas\u201d, disse a servidora da Secretaria de Planejamento, Marlene de Souza Gomes, que recebeu o Pr\u00eamio Mulher Destaque da Prefeitura de Petr\u00f3polis.<\/p>\n\n\n\n<p>Confira as homenageadas do Pr\u00eamio Mulher Destaque da Prefeitura de Petr\u00f3polis<\/p>\n\n\n\n<p>Iole Maria Beck da Silva (Comdep)<br>Renata de S\u00e1 Latsch (Controladoria Geral do Munic\u00edpio)<br>Sandra Mara Gheren Munstein (CPTrans)<br>Teresa Cristina Tavares de Carvalho (Gabinete do Prefeito)<br>S\u00f4nia Maria de Castro Le\u00e3o (Inpas)<br>Vanessa da Silva Ferreira (Instituto Municipal de Cultura)<br>Michele Teixeira Xavier (Procuradoria Geral do Munic\u00edpio)<br>F\u00e1tima Vidal Maciel de Castro (Secretaria da Pessoa com Defici\u00eancia, Mobilidade Reduzida e Doen\u00e7as Raras)<br>Simone Bitencourt Baptista (Secretaria de Administra\u00e7\u00e3o e Recursos Humanos)<br>Renata Daniela de Amorim (Secretaria de Assist\u00eancia Social, Habita\u00e7\u00e3o e Regulariza\u00e7\u00e3o Fundi\u00e1ria)<br>Fabr\u00edcia da Silva de Oliveira (Secretaria de Desenvolvimento Econ\u00f4mico)<br>Lucinea Farias Pires (Secretaria de Pol\u00edticas para as Mulheres)<br>Maria Regina Pereira de Ara\u00fajo (Secretaria de Educa\u00e7\u00e3o)<br>Andr\u00e9a Almeida Paschoaletto Dias (Secretaria de Esportes, Promo\u00e7\u00e3o de Sa\u00fade, Juventude, Idoso e Lazer)<br>Tassia Cristina Gasparini Ramos (Secretaria de Fazenda)<br>Luciane Ramos dos Santos (Secretaria de Governo)<br>Cintia Paula Fonseca (Secretaria de Meio Ambiente)<br>Vyrna Jacomo de Abreu Nunes (Secretaria de Obras)<br>Marlene de Souza Gomes (Secretaria de Planejamento e Or\u00e7amento)<br>Maria L\u00facia Lelis (Secretaria de Prote\u00e7\u00e3o e Defesa Civil)<br>Viviane F\u00e1tima Ferreira da Silva (Secretaria de Sa\u00fade)<br>Val\u00e9ria da Cruz Guimar\u00e3es (Secretaria de Servi\u00e7o, Seguran\u00e7a e Ordem P\u00fablica)<br>F\u00e1tima Regina Bauer Noel (Secretaria de Turismo)<\/p>\n\n\n\n<p>Prefeitura e Comdim celebram Dia Internacional da Mulher com atividades durante todo o m\u00eas de mar\u00e7o<\/p>\n\n\n\n<p>Durante todo o m\u00eas de mar\u00e7o, a Prefeitura de Petr\u00f3polis e o Conselho Municipal dos Direitos da Mulher (Comdim) celebram o Dia Internacional da Mulher com diversas atividades. V\u00e3o acontecer palestras, oficinas, feira de empreendedorismo, atra\u00e7\u00f5es culturais e musicais, e atividades de sa\u00fade e esportivas envolvendo todos os setores da Prefeitura.<\/p>\n\n\n\n<p>Confira a programa\u00e7\u00e3o do M\u00eas da Mulher:<br>Para todas as mulheres em suas diferentes faces!<\/p>\n\n\n\n<p>08\/03<br>Dia Internacional da Mulher<br>Pra\u00e7a Dom Pedro &#8211; Centro<br>15h &#8211; Abertura com leitura da Carta das Mulheres<br>16h &#8211; Samba de M\u00e3os Dadas com participa\u00e7\u00e3o de Mayara Ferreira<\/p>\n\n\n\n<p>10\/03<br>8h \u00e0s 9h \/ 18h \u00e0s 19h<br>Palestra: Doen\u00e7as relacionadas a m\u00e1 alimenta\u00e7\u00e3o e como seguir uma alimenta\u00e7\u00e3o saud\u00e1vel<br>Secretaria de Esportes (Rua 16 de Mar\u00e7o, 183 \u2013 2\u00aa andar \u2013 Centro)<\/p>\n\n\n\n<p>10h &#8211; Palestra sobre Sa\u00fade da Mulher<br>Palestrante: Thayn\u00e1 Castilho, coordenadora da \u00c1rea T\u00e9cnica da Sa\u00fade da Mulher da Secretaria de Sa\u00fade<br>Secretaria da Mulher (Avenida Koeler, 87 \u2013 Centro)<\/p>\n\n\n\n<p>19h &#8211; Abertura da Feira de Empreendedorismo Feminino<br>Centro de Cultura Raul de Leoni (Pra\u00e7a Visconde de Mau\u00e1, 305 \u2013 Centro)<\/p>\n\n\n\n<p>11\/03<br>18h30 &#8211; Inaugura\u00e7\u00e3o da aula de defesa pessoal para mulheres<br>Centro de Cultura Raul de Leoni (Pra\u00e7a Visconde de Mau\u00e1, 305 \u2013 Centro)<\/p>\n\n\n\n<p>12\/03<br>10h &#8211; Oficina de Intelig\u00eancia Emocional<br>Palestrante: Ana Clara Bittencourt<br>Centro de Refer\u00eancia em Atendimento \u00e0 Mulher (Cram) \u2013 (Rua Santos Dumont, 100 \u2013 Centro)<\/p>\n\n\n\n<p>13\/03<br>8h \u00e0s 9h \/ 18h \u00e0s 19h<br>Palestra: Defesa Pessoal para Mulheres<br>Palestrante: Ricardo Rumayor<br>Secretaria de Esportes (Rua 16 de Mar\u00e7o, 183 \u2013 2\u00aa andar \u2013 Centro)<\/p>\n\n\n\n<p>14\/03<br>7h45 &#8211; Trilha com elas<br>Parque Natural Municipal Padre Quinha (Avenida Ipiranga \u2013 Centro)<\/p>\n\n\n\n<p>9h &#8211; Viol\u00eancia Dom\u00e9stica &#8211; Direitos e Preven\u00e7\u00e3o com delegado de pol\u00edcia, Ney Loureiro<br>Sede da Comdep (Rua General Rondon, 400 \u2013 Quitandinha)<\/p>\n\n\n\n<p>15\/03<br>\u201cDia D\u201d<br>Atendimento no Centro de Sa\u00fade Coletiva (Rua Santos Dumont, 100 \u2013 Centro) e no Ambulat\u00f3rio do Hospital Alcides Carneiro (HAC), em Corr\u00eaas.<\/p>\n\n\n\n<p>18\/03<br>8h \u00e0s 9h<br>Palestra: Qualidade de vida depois dos 50 anos atrav\u00e9s da alimenta\u00e7\u00e3o<br>Palestrante: Rafaela Paschoaletto<br>Secretaria de Esportes (Rua 16 de Mar\u00e7o, 183 \u2013 2\u00aa andar \u2013 Centro)<\/p>\n\n\n\n<p>18h \u00e0s 19h<br>Palestra: A import\u00e2ncia do exerc\u00edcio para a independ\u00eancia funcional do idoso<br>Palestrante: Michele Gomes Lopes Polito<\/p>\n\n\n\n<p>21\/03<br>7h45 &#8211; Trilha com elas<br>Parque Natural Municipal Padre Quinha (Avenida Ipiranga \u2013 Centro)<\/p>\n\n\n\n<p>23\/02<br>7h30 &#8211; Corrida da Mulher<br>Largada e chegada: Pal\u00e1cio de Cristal (Centro)<br>Percurso: ruas do Centro<\/p>\n\n\n\n<p>27\/03<br>10h \u00e0s 16h &#8211; Atendimento jur\u00eddico gratuito para mulheres em parceria com a OAB Mulher<br>Pra\u00e7a da Inconfid\u00eancia (Centro)<\/p>\n\n\n\n<p>28\/03<br>7h45 &#8211; Trilha com elas<br>Parque Natural Municipal Padre Quinha (Avenida Ipiranga \u2013 Centro)<\/p>\n\n\n\n<p>29\/03<br>Encerramento do M\u00eas da Mulher<br>9h \u00e0s 12h<br>Semin\u00e1rio: \u201cA Desigualdade Salarial e Empregos para as Mulheres em Petr\u00f3polis\u201d<br>Lan\u00e7amento de cartilha: Lei da Igualdade &#8211; n\u00ba 14.611\/2023<\/p>\n\n\n\n<p>A programa\u00e7\u00e3o pode sofrer altera\u00e7\u00f5es<\/p>\n","protected":false},"excerpt":{"rendered":"<p>Abrindo a programa\u00e7\u00e3o do M\u00eas da Mulher, a Prefeitura de Petr\u00f3polis realizou na tarde desta<\/p>\n","protected":false},"author":2,"featured_media":100357,"comment_status":"open","ping_status":"open","sticky":false,"template":"","format":"standard","meta":{"footnotes":""},"categories":[12],"tags":[],"class_list":["post-100356","post","type-post","status-publish","format-standard","has-post-thumbnail","hentry","category-cidade"],"_links":{"self":[{"href":"https:\/\/tvc16.com\/portal\/wp-json\/wp\/v2\/posts\/100356","targetHints":{"allow":["GET"]}}],"collection":[{"href":"https:\/\/tvc16.com\/portal\/wp-json\/wp\/v2\/posts"}],"about":[{"href":"https:\/\/tvc16.com\/portal\/wp-json\/wp\/v2\/types\/post"}],"author":[{"embeddable":true,"href":"https:\/\/tvc16.com\/portal\/wp-json\/wp\/v2\/users\/2"}],"replies":[{"embeddable":true,"href":"https:\/\/tvc16.com\/portal\/wp-json\/wp\/v2\/comments?post=100356"}],"version-history":[{"count":1,"href":"https:\/\/tvc16.com\/portal\/wp-json\/wp\/v2\/posts\/100356\/revisions"}],"predecessor-version":[{"id":100358,"href":"https:\/\/tvc16.com\/portal\/wp-json\/wp\/v2\/posts\/100356\/revisions\/100358"}],"wp:featuredmedia":[{"embeddable":true,"href":"https:\/\/tvc16.com\/portal\/wp-json\/wp\/v2\/media\/100357"}],"wp:attachment":[{"href":"https:\/\/tvc16.com\/portal\/wp-json\/wp\/v2\/media?parent=100356"}],"wp:term":[{"taxonomy":"category","embeddable":true,"href":"https:\/\/tvc16.com\/portal\/wp-json\/wp\/v2\/categories?post=100356"},{"taxonomy":"post_tag","embeddable":true,"href":"https:\/\/tvc16.com\/portal\/wp-json\/wp\/v2\/tags?post=100356"}],"curies":[{"name":"wp","href":"https:\/\/api.w.org\/{rel}","templated":true}]}}