{"id":100362,"date":"2025-03-09T14:00:00","date_gmt":"2025-03-09T17:00:00","guid":{"rendered":"https:\/\/tvc16.com\/portal\/?p=100362"},"modified":"2025-03-07T18:38:44","modified_gmt":"2025-03-07T21:38:44","slug":"5a-edicao-do-domingo-no-parque-neste-domingo-dia-09-tem-muito-lazer-e-diversao-para-toda-a-familia-na-praca-olimpica-e-no-parque-regadas","status":"publish","type":"post","link":"https:\/\/tvc16.com\/portal\/2025\/03\/09\/5a-edicao-do-domingo-no-parque-neste-domingo-dia-09-tem-muito-lazer-e-diversao-para-toda-a-familia-na-praca-olimpica-e-no-parque-regadas\/","title":{"rendered":"5\u00aa edi\u00e7\u00e3o do \u2018Domingo no Parque\u2019: neste domingo, dia 09, tem muito lazer e divers\u00e3o para toda a fam\u00edlia na Pra\u00e7a Ol\u00edmpica e no Parque Regadas"},"content":{"rendered":"\n<p>J\u00e1 estava com saudade, n\u00e9? N\u00f3s tamb\u00e9m!&nbsp;Por isso, neste domingo, dia 09, acontece a quinta edi\u00e7\u00e3o do \u2018Domingo no Parque\u2019. Muito lazer e divers\u00e3o para toda a fam\u00edlia na Pra\u00e7a Ol\u00edmpica e no Parque Regadas, com uma programa\u00e7\u00e3o variada e atrativa.<\/p>\n\n\n\n<p>O centro da cidade ser\u00e1 novamente palco de v\u00e1rias atividades gratuitas, garantindo muita divers\u00e3o e entretenimento para todos. Confira a programa\u00e7\u00e3o e n\u00e3o fique de fora dessa. Estamos esperando por voc\u00ea!<\/p>\n\n\n\n<p>O evento \u00e9 promovido pela Prefeitura de Teres\u00f3polis, atrav\u00e9s das secretarias municipais de Seguran\u00e7a, Ordem P\u00fablica e Mobilidade e de Turismo, em parceria com outras secretarias.<\/p>\n\n\n\n<p><strong>PROGRAMA\u00c7\u00c3O GRATUITA:<\/strong><\/p>\n\n\n\n<p><strong>Pra\u00e7a Ol\u00edmpica &#8211; das 9h \u00e0s 14h<\/strong><\/p>\n\n\n\n<p>\u00b7 Anima\u00e7\u00e3o garantida com a presen\u00e7a de DJ\u2019s, com muita m\u00fasica e energia;<\/p>\n\n\n\n<p>\u00b7 Os pequenos (e os grandes!) poder\u00e3o saborear del\u00edcias como algod\u00e3o-doce e pipoca;<\/p>\n\n\n\n<p>\u00b7 Se divertir em brinquedos infl\u00e1veis, que sempre fazem sucesso nas festas;<\/p>\n\n\n\n<p>\u00b7 Presen\u00e7a da feira de artes\u00e3os do Coletivo de M\u00e3es Empreendedoras de Teres\u00f3polis (CMAET) e da feira de artes\u00e3s \u2018Artes da Serra de Teres\u00f3polis\u2019, ambas com a exposi\u00e7\u00e3o e venda de seus trabalhos;<\/p>\n\n\n\n<p>\u00b7 Conhe\u00e7a o estande de Educa\u00e7\u00e3o Ambiental da Secretaria de Meio Ambiente. Mostra de serpentes e desenho livre, doa\u00e7\u00e3o de mudas de \u00e1rvores com instru\u00e7\u00f5es de plantio e simulador de eros\u00e3o em garrafa pet;<\/p>\n\n\n\n<p>\u00b7 Explore a Toca da Ci\u00eancia e mergulhe no mundo da curiosidade;<\/p>\n\n\n\n<p>\u00b7 E MUITO MAIS!<\/p>\n\n\n\n<p><strong>Parque Regadas &#8211; das 9h \u00e0s 17h<\/strong><\/p>\n\n\n\n<p>Permanece sendo um espa\u00e7o livre para:<\/p>\n\n\n\n<p>\u00b7 Andar de bicicleta;<\/p>\n\n\n\n<p>\u00b7 Fazer manobras com o skate;<\/p>\n\n\n\n<p>\u00b7 Patinar;<\/p>\n\n\n\n<p>\u00b7 Fazer uma caminhada em fam\u00edlia para relaxar<\/p>\n","protected":false},"excerpt":{"rendered":"<p>J\u00e1 estava com saudade, n\u00e9? N\u00f3s tamb\u00e9m!&nbsp;Por isso, neste domingo, dia 09, acontece a quinta<\/p>\n","protected":false},"author":2,"featured_media":100363,"comment_status":"open","ping_status":"open","sticky":false,"template":"","format":"standard","meta":{"footnotes":""},"categories":[17],"tags":[],"class_list":["post-100362","post","type-post","status-publish","format-standard","has-post-thumbnail","hentry","category-outras-noticias"],"_links":{"self":[{"href":"https:\/\/tvc16.com\/portal\/wp-json\/wp\/v2\/posts\/100362","targetHints":{"allow":["GET"]}}],"collection":[{"href":"https:\/\/tvc16.com\/portal\/wp-json\/wp\/v2\/posts"}],"about":[{"href":"https:\/\/tvc16.com\/portal\/wp-json\/wp\/v2\/types\/post"}],"author":[{"embeddable":true,"href":"https:\/\/tvc16.com\/portal\/wp-json\/wp\/v2\/users\/2"}],"replies":[{"embeddable":true,"href":"https:\/\/tvc16.com\/portal\/wp-json\/wp\/v2\/comments?post=100362"}],"version-history":[{"count":1,"href":"https:\/\/tvc16.com\/portal\/wp-json\/wp\/v2\/posts\/100362\/revisions"}],"predecessor-version":[{"id":100364,"href":"https:\/\/tvc16.com\/portal\/wp-json\/wp\/v2\/posts\/100362\/revisions\/100364"}],"wp:featuredmedia":[{"embeddable":true,"href":"https:\/\/tvc16.com\/portal\/wp-json\/wp\/v2\/media\/100363"}],"wp:attachment":[{"href":"https:\/\/tvc16.com\/portal\/wp-json\/wp\/v2\/media?parent=100362"}],"wp:term":[{"taxonomy":"category","embeddable":true,"href":"https:\/\/tvc16.com\/portal\/wp-json\/wp\/v2\/categories?post=100362"},{"taxonomy":"post_tag","embeddable":true,"href":"https:\/\/tvc16.com\/portal\/wp-json\/wp\/v2\/tags?post=100362"}],"curies":[{"name":"wp","href":"https:\/\/api.w.org\/{rel}","templated":true}]}}