{"id":100370,"date":"2025-03-09T18:00:00","date_gmt":"2025-03-09T21:00:00","guid":{"rendered":"https:\/\/tvc16.com\/portal\/?p=100370"},"modified":"2025-03-07T18:47:48","modified_gmt":"2025-03-07T21:47:48","slug":"castramovel-fischer-e-o-proximo-bairro-a-receber-o-equipamento","status":"publish","type":"post","link":"https:\/\/tvc16.com\/portal\/2025\/03\/09\/castramovel-fischer-e-o-proximo-bairro-a-receber-o-equipamento\/","title":{"rendered":"Castram\u00f3vel: Fischer \u00e9 o pr\u00f3ximo bairro a receber o equipamento\u00a0"},"content":{"rendered":"\n<p>A partir da pr\u00f3xima quarta-feira, 12 de mar\u00e7o, o bairro do Fischer recebe o Castram\u00f3vel, equipamento da Secretaria Municipal de Sa\u00fade, que realiza castra\u00e7\u00f5es de forma gratuita para pets de tutores de baixa renda. Para se cadastrar \u00e9 necess\u00e1rio apresentar c\u00f3pia e original do comprovante de inscri\u00e7\u00e3o no Cadastro \u00danico (NIS), comprovante de resid\u00eancia e CPF. N\u00e3o \u00e9 necess\u00e1rio levar o animal no momento da inscri\u00e7\u00e3o.<\/p>\n\n\n\n<p>A castra\u00e7\u00e3o \u00e9 feita apenas com hor\u00e1rio marcado, mediante ao cadastro pr\u00e9vio, n\u00e3o sendo necess\u00e1rio levar o animal para preencher a ficha cadastral. Ap\u00f3s a realiza\u00e7\u00e3o do cadastro, a equipe da Coordenadoria de Prote\u00e7\u00e3o e Bem Estar Animal (COPBEA) entrar\u00e1 em contato com o&nbsp; tutor informando o dia e hor\u00e1rio do procedimento. O tempo de perman\u00eancia do Castram\u00f3vel no bairro ir\u00e1 depender da demanda pelo servi\u00e7o de castra\u00e7\u00e3o. Como o programa possui car\u00e1ter social, apenas pessoas que se enquadram no perfil socioecon\u00f4mico poder\u00e3o se inscrever para a realiza\u00e7\u00e3o do procedimento.<\/p>\n\n\n\n<p>O Castram\u00f3vel est\u00e1 localizado na Rua&nbsp;Pedro Eleut\u00e9rio de Oliveira, 2730 &#8211; Fischer, e&nbsp;os cadastros para a castra\u00e7\u00e3o acontecem de 8h \u00e0s 12h.&nbsp;<\/p>\n","protected":false},"excerpt":{"rendered":"<p>A partir da pr\u00f3xima quarta-feira, 12 de mar\u00e7o, o bairro do Fischer recebe o Castram\u00f3vel,<\/p>\n","protected":false},"author":2,"featured_media":100371,"comment_status":"open","ping_status":"open","sticky":false,"template":"","format":"standard","meta":{"footnotes":""},"categories":[17],"tags":[],"class_list":["post-100370","post","type-post","status-publish","format-standard","has-post-thumbnail","hentry","category-outras-noticias"],"_links":{"self":[{"href":"https:\/\/tvc16.com\/portal\/wp-json\/wp\/v2\/posts\/100370","targetHints":{"allow":["GET"]}}],"collection":[{"href":"https:\/\/tvc16.com\/portal\/wp-json\/wp\/v2\/posts"}],"about":[{"href":"https:\/\/tvc16.com\/portal\/wp-json\/wp\/v2\/types\/post"}],"author":[{"embeddable":true,"href":"https:\/\/tvc16.com\/portal\/wp-json\/wp\/v2\/users\/2"}],"replies":[{"embeddable":true,"href":"https:\/\/tvc16.com\/portal\/wp-json\/wp\/v2\/comments?post=100370"}],"version-history":[{"count":1,"href":"https:\/\/tvc16.com\/portal\/wp-json\/wp\/v2\/posts\/100370\/revisions"}],"predecessor-version":[{"id":100372,"href":"https:\/\/tvc16.com\/portal\/wp-json\/wp\/v2\/posts\/100370\/revisions\/100372"}],"wp:featuredmedia":[{"embeddable":true,"href":"https:\/\/tvc16.com\/portal\/wp-json\/wp\/v2\/media\/100371"}],"wp:attachment":[{"href":"https:\/\/tvc16.com\/portal\/wp-json\/wp\/v2\/media?parent=100370"}],"wp:term":[{"taxonomy":"category","embeddable":true,"href":"https:\/\/tvc16.com\/portal\/wp-json\/wp\/v2\/categories?post=100370"},{"taxonomy":"post_tag","embeddable":true,"href":"https:\/\/tvc16.com\/portal\/wp-json\/wp\/v2\/tags?post=100370"}],"curies":[{"name":"wp","href":"https:\/\/api.w.org\/{rel}","templated":true}]}}