{"id":100386,"date":"2025-03-08T21:14:43","date_gmt":"2025-03-09T00:14:43","guid":{"rendered":"https:\/\/tvc16.com\/portal\/?p=100386"},"modified":"2025-03-08T21:19:17","modified_gmt":"2025-03-09T00:19:17","slug":"casa-de-petropolis-instituto-de-cultura-celebra-o-mes-da-mulher-com-abertura-da-mostra-arqueologias-do-invisivel","status":"publish","type":"post","link":"https:\/\/tvc16.com\/portal\/2025\/03\/08\/casa-de-petropolis-instituto-de-cultura-celebra-o-mes-da-mulher-com-abertura-da-mostra-arqueologias-do-invisivel\/","title":{"rendered":"Casa de Petr\u00f3polis Instituto de Cultura celebra o m\u00eas da mulher com abertura da mostra \u201cArqueologias do Invis\u00edvel\u201d"},"content":{"rendered":"\n<p>A Casa de Petr\u00f3polis Instituto de Cultura abre suas portas para mais uma exposi\u00e7\u00e3o de destaque em seu calend\u00e1rio cultural. No dia 15 de mar\u00e7o, a partir das 16h30, acontece a abertura oficial de&nbsp;<em>&#8220;Arqueologias do Invis\u00edvel&#8221;<\/em>, mostra individual da artista Ju Bessler, que prop\u00f5e um olhar cr\u00edtico e sens\u00edvel sobre as din\u00e2micas do tempo atual. A programa\u00e7\u00e3o da noite ser\u00e1 coroada com o concerto&nbsp;<em>Duo Cora\u00e7\u00e3o Brasileiro<\/em>, \u00e0s 19h, apresentado pelos m\u00fasicos Silv\u00e9rio Pontes e Antonio Guerra.<\/p>\n\n\n\n<p>Realizada sob convite da Casa de Petr\u00f3polis Instituto de Cultura e de sua diretora executiva e produtora cultural, Natalia Azevedo, a exposi\u00e7\u00e3o se insere nas a\u00e7\u00f5es comemorativas do M\u00eas da Mulher, dando visibilidade a uma produ\u00e7\u00e3o feminina que transita entre arte, reflex\u00e3o e consci\u00eancia social. Inspirada em pensadores como Byung-Chul Han, N\u00eago Bispo e Ailton Krenak, Ju Bessler conduz o espectador por uma jornada que questiona o ritmo fren\u00e9tico da sociedade contempor\u00e2nea e as rela\u00e7\u00f5es de interdepend\u00eancia ecol\u00f3gica.<\/p>\n\n\n\n<p>A mostra \u00e9 composta por s\u00e9ries que se complementam e geram diferentes camadas de interpreta\u00e7\u00e3o. Em&nbsp;<em>&#8220;Telas&#8221;<\/em>, a artista discute o impacto do v\u00edcio digital atrav\u00e9s de retratos que expressam estados de t\u00e9dio. J\u00e1&nbsp;<em>&#8220;Terra Arrasada&#8221;<\/em>&nbsp;insere imagens de guerra e destrui\u00e7\u00e3o, promovendo uma reflex\u00e3o sobre o presente e o futuro. Trabalhando com fragmentos de obras descartadas e reboco de seu pr\u00f3prio ateli\u00ea, Bessler constr\u00f3i um discurso visual que remete a vest\u00edgios de civiliza\u00e7\u00f5es passadas e futuras. O tr\u00edptico&nbsp;<em>&#8220;Pequenas Mortes: bocejo\/grito\/orgasmo&#8221;<\/em>&nbsp;leva essa reflex\u00e3o a um novo n\u00edvel, explorando a linha t\u00eanue entre t\u00e9dio, desespero e prazer.<\/p>\n\n\n\n<p>Apesar do tom provocador, a artista tamb\u00e9m prop\u00f5e um olhar de esperan\u00e7a. Em&nbsp;<em>&#8220;Isto N\u00e3o \u00c9 Um Lugar&#8221;<\/em>, as paisagens sugerem uma pausa contemplativa, fugindo da rigidez tradicional do g\u00eanero. Na s\u00e9rie&nbsp;<em>&#8220;Natureza Viva&#8221;<\/em>, Bessler quebra a no\u00e7\u00e3o de natureza-morta e prop\u00f5e um ecossistema din\u00e2mico e interconectado. A exposi\u00e7\u00e3o se encerra com&nbsp;<em>&#8220;Ubuntu&#8221;<\/em>, resgatando princ\u00edpios de coletividade e pertencimento.<\/p>\n\n\n\n<p><strong>Sobre a artista<\/strong>&nbsp;<\/p>\n\n\n\n<p>Ju Bessler \u00e9 artista visual, produtora cultural e educadora, com uma trajet\u00f3ria que combina arte, tecnologia e antropologia. Com especializa\u00e7\u00e3o em estrat\u00e9gia e branding, j\u00e1 foi curadora de semin\u00e1rios internacionais e premiada pela FUNARTE por sua pesquisa sobre semi\u00f3tica digital. Como artista, participou de exposi\u00e7\u00f5es individuais e coletivas, explorando a intersec\u00e7\u00e3o entre express\u00e3o visual e reflex\u00e3o social. Sua produ\u00e7\u00e3o transita entre diferentes m\u00eddias, sempre com um olhar cr\u00edtico e sens\u00edvel sobre o contempor\u00e2neo.<\/p>\n\n\n\n<p><strong>Sobre a Casa de Petr\u00f3polis Instituto de Cultura<\/strong><\/p>\n\n\n\n<p>A Casa de Petr\u00f3polis Instituto de Cultura \u00e9 um dos mais importantes espa\u00e7os culturais da Regi\u00e3o Serrana do Rio de Janeiro, dedicando-se \u00e0 preserva\u00e7\u00e3o hist\u00f3rica e \u00e0 promo\u00e7\u00e3o das artes. Com uma programa\u00e7\u00e3o diversificada, o Instituto acolhe exposi\u00e7\u00f5es, concertos, palestras e outras manifesta\u00e7\u00f5es culturais, consolidando-se como um ponto de encontro para apreciadores da arte e da hist\u00f3ria.&nbsp;A Casa est\u00e1 localizada \u00e0 Avenida Ipiranga, n\u00ba 716, no Centro Hist\u00f3rico de Petr\u00f3polis. O local conta com estacionamento rotativo.<\/p>\n\n\n\n<p><strong>Servi\u00e7o<\/strong><\/p>\n\n\n\n<p>Exposi\u00e7\u00e3o:&nbsp;<em>Arqueologias do Invis\u00edvel<\/em>&nbsp;\u2013 Pinturas de Ju Bessler<br>Abertura: 15 de mar\u00e7o de 2025, a partir das 16h30<br>Concerto&nbsp;<em>Duo Cora\u00e7\u00e3o Brasileiro<\/em>: 15 de mar\u00e7o, \u00e0s 19h<br>Dura\u00e7\u00e3o: at\u00e9 maio de 2025<br>Local: Casa de Petr\u00f3polis Instituto de Cultura<br>Endere\u00e7o: Av. Ipiranga, 716, Petr\u00f3polis &#8211; RJ<br>Contato: (24) 99219-5353<br>Instagram da artista:&nbsp;<a rel=\"noreferrer noopener\" target=\"_blank\" href=\"https:\/\/na01.safelinks.protection.outlook.com\/?url=https%3A%2F%2Fwww.instagram.com%2Fmundodejubs%2F&amp;data=05%7C02%7C%7Cf9594252d3f44b398eaa08dd5e4f9232%7C84df9e7fe9f640afb435aaaaaaaaaaaa%7C1%7C0%7C638770418251432559%7CUnknown%7CTWFpbGZsb3d8eyJFbXB0eU1hcGkiOnRydWUsIlYiOiIwLjAuMDAwMCIsIlAiOiJXaW4zMiIsIkFOIjoiTWFpbCIsIldUIjoyfQ%3D%3D%7C0%7C%7C%7C&amp;sdata=%2FBlGzygFw%2FFC7aZJs7PrGD0rXhZmkK6jCNAr4LzwodU%3D&amp;reserved=0\">@mundodejubs<\/a><br>Site:&nbsp;<a rel=\"noreferrer noopener\" target=\"_blank\" href=\"https:\/\/na01.safelinks.protection.outlook.com\/?url=https%3A%2F%2Fwww.culturacasadepetropolis.com.br%2F&amp;data=05%7C02%7C%7Cf9594252d3f44b398eaa08dd5e4f9232%7C84df9e7fe9f640afb435aaaaaaaaaaaa%7C1%7C0%7C638770418251463897%7CUnknown%7CTWFpbGZsb3d8eyJFbXB0eU1hcGkiOnRydWUsIlYiOiIwLjAuMDAwMCIsIlAiOiJXaW4zMiIsIkFOIjoiTWFpbCIsIldUIjoyfQ%3D%3D%7C0%7C%7C%7C&amp;sdata=zs10cuDBzMxAdKVKLQhnU5%2FssCVFsyCX9wpTrTMk6ns%3D&amp;reserved=0\">culturacasadepetropolis.com.br<\/a><br>Estacionamento rotativo no local.&nbsp;<\/p>\n","protected":false},"excerpt":{"rendered":"<p>A Casa de Petr\u00f3polis Instituto de Cultura abre suas portas para mais uma exposi\u00e7\u00e3o de<\/p>\n","protected":false},"author":2,"featured_media":100390,"comment_status":"open","ping_status":"open","sticky":false,"template":"","format":"standard","meta":{"footnotes":""},"categories":[12],"tags":[],"class_list":["post-100386","post","type-post","status-publish","format-standard","has-post-thumbnail","hentry","category-cidade"],"_links":{"self":[{"href":"https:\/\/tvc16.com\/portal\/wp-json\/wp\/v2\/posts\/100386","targetHints":{"allow":["GET"]}}],"collection":[{"href":"https:\/\/tvc16.com\/portal\/wp-json\/wp\/v2\/posts"}],"about":[{"href":"https:\/\/tvc16.com\/portal\/wp-json\/wp\/v2\/types\/post"}],"author":[{"embeddable":true,"href":"https:\/\/tvc16.com\/portal\/wp-json\/wp\/v2\/users\/2"}],"replies":[{"embeddable":true,"href":"https:\/\/tvc16.com\/portal\/wp-json\/wp\/v2\/comments?post=100386"}],"version-history":[{"count":1,"href":"https:\/\/tvc16.com\/portal\/wp-json\/wp\/v2\/posts\/100386\/revisions"}],"predecessor-version":[{"id":100388,"href":"https:\/\/tvc16.com\/portal\/wp-json\/wp\/v2\/posts\/100386\/revisions\/100388"}],"wp:featuredmedia":[{"embeddable":true,"href":"https:\/\/tvc16.com\/portal\/wp-json\/wp\/v2\/media\/100390"}],"wp:attachment":[{"href":"https:\/\/tvc16.com\/portal\/wp-json\/wp\/v2\/media?parent=100386"}],"wp:term":[{"taxonomy":"category","embeddable":true,"href":"https:\/\/tvc16.com\/portal\/wp-json\/wp\/v2\/categories?post=100386"},{"taxonomy":"post_tag","embeddable":true,"href":"https:\/\/tvc16.com\/portal\/wp-json\/wp\/v2\/tags?post=100386"}],"curies":[{"name":"wp","href":"https:\/\/api.w.org\/{rel}","templated":true}]}}