{"id":100391,"date":"2025-03-10T08:03:16","date_gmt":"2025-03-10T11:03:16","guid":{"rendered":"https:\/\/tvc16.com\/portal\/?p=100391"},"modified":"2025-03-10T08:03:18","modified_gmt":"2025-03-10T11:03:18","slug":"carnaval-do-shopping-vilarejo-com-taruira-e-carnaval-au-au-reafirma-tradicao-e-atrai-15-mil-pessoas-em-edicao-cinematografica","status":"publish","type":"post","link":"https:\/\/tvc16.com\/portal\/2025\/03\/10\/carnaval-do-shopping-vilarejo-com-taruira-e-carnaval-au-au-reafirma-tradicao-e-atrai-15-mil-pessoas-em-edicao-cinematografica\/","title":{"rendered":"Carnaval do Shopping Vilarejo com Taru\u00edra e Carnaval Au Au reafirma tradi\u00e7\u00e3o e atrai 15 mil pessoas em edi\u00e7\u00e3o cinematogr\u00e1fica"},"content":{"rendered":"\n<p><em>O tradicional Carnaval do Vila aconteceu de s\u00e1bado \u00e0 ter\u00e7a-feira, com entrada gratuita<\/em><\/p>\n\n\n\n<p>Em uma viagem pelos grandes cl\u00e1ssicos do cinema, com muita purpurina, confete e serpentina, o Carnaval do Shopping Vilarejo, em Itaipava, reuniu 15 mil pessoas ao longo dos quatro dias de festa neste ano, consolidado como um dos eventos mais aguardados e amados da regi\u00e3o. O grupo Taru\u00edra, grande protagonista da programa\u00e7\u00e3o, comandou os bailinhos na Pra\u00e7a do Sol, proporcionando momentos de pura nostalgia e divers\u00e3o para todas as idades no \u201cCarnaval no Vilarejo \u00e9 coisa de cinema\u201d.<\/p>\n\n\n\n<p>O Carnavau Au Au, com direito a desfile de fantasias para pets e seus tutores, lotou a Pra\u00e7a do Sol. A dupla que saiu campe\u00e3 foi a pet Rebeca com a tutora Sofie Hemerichs, fantasiadas no estilo havaiano, e que levou para casa um overboard (patinete el\u00e9trico); em segundo lugar, a pet Runa e a tutora Ariana Gon\u00e7alves no maior estilo carnavalesco; e, em terceiro, a pet Sunny com a tutora Raquel Lon, com fantasias inspiradas no mundo de \u2018Alice no Pa\u00eds das Maravilhas\u2019. Os segundo e terceiro colocados foram premiados brinquedos para os tutores. Al\u00e9m disso, os tr\u00eas primeiros lugares garantiram um m\u00eas de banho e tosa gratuitos na veterin\u00e1ria Be Happy. A festinha pet n\u00e3o deixou ningu\u00e9m parado e tamb\u00e9m j\u00e1 se tornou parte da programa\u00e7\u00e3o do Carnaval do Vilarejo.<\/p>\n\n\n\n<p>A parceria entre o Vilarejo e o Taru\u00edra chegou \u00e0 sua 13\u00aa edi\u00e7\u00e3o em 2025, trazendo um repert\u00f3rio que mescla sambas, choros e marchinhas carnavalescas. Com forma\u00e7\u00e3o especial e participa\u00e7\u00f5es das cantoras Maria Swenson, Melissa Maluly e N\u00edvea Seabra, o grupo manteve a energia l\u00e1 no alto e fez os foli\u00f5es tirarem os p\u00e9s do ch\u00e3o em um repert\u00f3rio de 4 horas, em tr\u00eas dias de anima\u00e7\u00e3o. O bailinho do Taru\u00edra dominou o Vilarejo reafirmando a tradi\u00e7\u00e3o como o melhor carnaval da Serra.<\/p>\n\n\n\n<p>Al\u00e9m da anima\u00e7\u00e3o na Pra\u00e7a do Sol, o evento tamb\u00e9m movimentou o polo gastron\u00f4mico do Vilarejo, com bares e restaurantes oferecendo card\u00e1pios especiais para os foli\u00f5es, deixando um gostinho de \u2018quero mais\u2019. \u201cO Carnaval do Vilarejo j\u00e1 \u00e9 uma tradi\u00e7\u00e3o e um dos eventos mais esperados do ano. Nosso objetivo \u00e9 proporcionar uma experi\u00eancia musical de qualidade em um ambiente seguro e acolhedor para toda a fam\u00edlia. E, com mais uma edi\u00e7\u00e3o impec\u00e1vel, agora, \u00e9 come\u00e7ar a se programar para a edi\u00e7\u00e3o do ano que vem!\u201d, destaca Tiago Corr\u00eaa, administrador&nbsp;do&nbsp;shopping.<\/p>\n","protected":false},"excerpt":{"rendered":"<p>O tradicional Carnaval do Vila aconteceu de s\u00e1bado \u00e0 ter\u00e7a-feira, com entrada gratuita Em uma<\/p>\n","protected":false},"author":2,"featured_media":100392,"comment_status":"open","ping_status":"open","sticky":false,"template":"","format":"standard","meta":{"footnotes":""},"categories":[12],"tags":[],"class_list":["post-100391","post","type-post","status-publish","format-standard","has-post-thumbnail","hentry","category-cidade"],"_links":{"self":[{"href":"https:\/\/tvc16.com\/portal\/wp-json\/wp\/v2\/posts\/100391","targetHints":{"allow":["GET"]}}],"collection":[{"href":"https:\/\/tvc16.com\/portal\/wp-json\/wp\/v2\/posts"}],"about":[{"href":"https:\/\/tvc16.com\/portal\/wp-json\/wp\/v2\/types\/post"}],"author":[{"embeddable":true,"href":"https:\/\/tvc16.com\/portal\/wp-json\/wp\/v2\/users\/2"}],"replies":[{"embeddable":true,"href":"https:\/\/tvc16.com\/portal\/wp-json\/wp\/v2\/comments?post=100391"}],"version-history":[{"count":1,"href":"https:\/\/tvc16.com\/portal\/wp-json\/wp\/v2\/posts\/100391\/revisions"}],"predecessor-version":[{"id":100393,"href":"https:\/\/tvc16.com\/portal\/wp-json\/wp\/v2\/posts\/100391\/revisions\/100393"}],"wp:featuredmedia":[{"embeddable":true,"href":"https:\/\/tvc16.com\/portal\/wp-json\/wp\/v2\/media\/100392"}],"wp:attachment":[{"href":"https:\/\/tvc16.com\/portal\/wp-json\/wp\/v2\/media?parent=100391"}],"wp:term":[{"taxonomy":"category","embeddable":true,"href":"https:\/\/tvc16.com\/portal\/wp-json\/wp\/v2\/categories?post=100391"},{"taxonomy":"post_tag","embeddable":true,"href":"https:\/\/tvc16.com\/portal\/wp-json\/wp\/v2\/tags?post=100391"}],"curies":[{"name":"wp","href":"https:\/\/api.w.org\/{rel}","templated":true}]}}