{"id":100394,"date":"2025-03-10T08:11:54","date_gmt":"2025-03-10T11:11:54","guid":{"rendered":"https:\/\/tvc16.com\/portal\/?p=100394"},"modified":"2025-03-10T08:11:56","modified_gmt":"2025-03-10T11:11:56","slug":"obra-da-cozinha-do-nelson-sa-earp-sera-licitada-em-maio","status":"publish","type":"post","link":"https:\/\/tvc16.com\/portal\/2025\/03\/10\/obra-da-cozinha-do-nelson-sa-earp-sera-licitada-em-maio\/","title":{"rendered":"Obra da cozinha do Nelson S\u00e1 Earp ser\u00e1 licitada em maio"},"content":{"rendered":"\n<p>A prefeitura de Petr\u00f3polis agendou para o dia cinco de maio deste ano, a licita\u00e7\u00e3o para as obras na cozinha do Hospital Municipal Nelson S\u00e1 earp. De acordo com as informa\u00e7\u00f5es do edital, divulgado do Portal da Transpar\u00eancia, a licita\u00e7\u00e3o ser\u00e1 realizada na modalidade menor pre\u00e7o global, com proposta m\u00ednima de R$ 393.597,19 para realizar as interven\u00e7\u00f5es. O edital prev\u00ea que a empresa vencedora conclua as obras em um prazo de 180 dias, a partir da assinatura do contrato ou da autoriza\u00e7\u00e3o de in\u00edcio da obra, por\u00e9m o prazo pode ser prorrogado por igual per\u00edodo. A reforma vai englobar a moderniza\u00e7\u00e3o da cozinha, deposito apoio e refeit\u00f3rio. O termo de refer\u00eancia foi publicado no in\u00edcio deste m\u00eas.<\/p>\n\n\n\n<h1 class=\"wp-block-heading\">Problemas foram denunciados<\/h1>\n\n\n\n<p>Em fevereiro de 2024, o ex-vereador de Petr\u00f3polis, Eduardo do Blog, encaminhou uma den\u00fancia ao Minist\u00e9rio P\u00fablico do Estado do Rio de Janeiro, ap\u00f3s vistoriar a unidade. Entre os problemas encontrados na \u00e9poca estavam: pisos quebrados e falta de infraestrutura para os funcion\u00e1rios trabalharem. O hospital fornece atendimento de urg\u00eancias ortop\u00e9dicas e psiqui\u00e1tricas, tamb\u00e9m conta com interna\u00e7\u00e3o em cl\u00ednica m\u00e9dica, ortopedia, doen\u00e7as infecto parasit\u00e1rias e terapia intensiva, o que torna a unidade uma das refer\u00eancias.<\/p>\n","protected":false},"excerpt":{"rendered":"<p>A prefeitura de Petr\u00f3polis agendou para o dia cinco de maio deste ano, a licita\u00e7\u00e3o<\/p>\n","protected":false},"author":2,"featured_media":100395,"comment_status":"open","ping_status":"open","sticky":false,"template":"","format":"standard","meta":{"footnotes":""},"categories":[12],"tags":[],"class_list":["post-100394","post","type-post","status-publish","format-standard","has-post-thumbnail","hentry","category-cidade"],"_links":{"self":[{"href":"https:\/\/tvc16.com\/portal\/wp-json\/wp\/v2\/posts\/100394","targetHints":{"allow":["GET"]}}],"collection":[{"href":"https:\/\/tvc16.com\/portal\/wp-json\/wp\/v2\/posts"}],"about":[{"href":"https:\/\/tvc16.com\/portal\/wp-json\/wp\/v2\/types\/post"}],"author":[{"embeddable":true,"href":"https:\/\/tvc16.com\/portal\/wp-json\/wp\/v2\/users\/2"}],"replies":[{"embeddable":true,"href":"https:\/\/tvc16.com\/portal\/wp-json\/wp\/v2\/comments?post=100394"}],"version-history":[{"count":1,"href":"https:\/\/tvc16.com\/portal\/wp-json\/wp\/v2\/posts\/100394\/revisions"}],"predecessor-version":[{"id":100396,"href":"https:\/\/tvc16.com\/portal\/wp-json\/wp\/v2\/posts\/100394\/revisions\/100396"}],"wp:featuredmedia":[{"embeddable":true,"href":"https:\/\/tvc16.com\/portal\/wp-json\/wp\/v2\/media\/100395"}],"wp:attachment":[{"href":"https:\/\/tvc16.com\/portal\/wp-json\/wp\/v2\/media?parent=100394"}],"wp:term":[{"taxonomy":"category","embeddable":true,"href":"https:\/\/tvc16.com\/portal\/wp-json\/wp\/v2\/categories?post=100394"},{"taxonomy":"post_tag","embeddable":true,"href":"https:\/\/tvc16.com\/portal\/wp-json\/wp\/v2\/tags?post=100394"}],"curies":[{"name":"wp","href":"https:\/\/api.w.org\/{rel}","templated":true}]}}