{"id":100402,"date":"2025-03-10T07:15:00","date_gmt":"2025-03-10T10:15:00","guid":{"rendered":"https:\/\/tvc16.com\/portal\/?p=100402"},"modified":"2025-03-10T08:25:01","modified_gmt":"2025-03-10T11:25:01","slug":"petropolis-e-rio-despontam-como-representantes-do-estado-na-onu-turismo","status":"publish","type":"post","link":"https:\/\/tvc16.com\/portal\/2025\/03\/10\/petropolis-e-rio-despontam-como-representantes-do-estado-na-onu-turismo\/","title":{"rendered":"Petr\u00f3polis e Rio despontam como representantes do estado na ONU Turismo"},"content":{"rendered":"\n<p>Petr\u00f3polis foi uma das \u00fanicas duas cidades do estado a marcar presen\u00e7a na cerim\u00f4nia que oficializou o in\u00edcio das atividades do escrit\u00f3rio da ONU Turismo no Brasil, nesta sexta-feira (7), no Rio de Janeiro. A Prefeitura de Petr\u00f3polis foi representada pelo secret\u00e1rio de Turismo, Pablo Kling.<\/p>\n\n\n\n<p>O munic\u00edpio refor\u00e7ou seu compromisso com o desenvolvimento sustent\u00e1vel do setor e a proje\u00e7\u00e3o internacional como destino tur\u00edstico.<\/p>\n\n\n\n<p>A instala\u00e7\u00e3o do Escrit\u00f3rio para as Am\u00e9ricas tem como objetivo promover o turismo sustent\u00e1vel e consolidar o Brasil como destino global. \u201cO fortalecimento do turismo em Petr\u00f3polis \u00e9 uma prioridade. Estamos investindo para gerar mais empregos e renda\u201d, destacou o prefeito Hingo Hammes.<\/p>\n\n\n\n<p>Durante o evento, Pablo Kling conversou com autoridades sobre a possibilidade de emendas parlamentares para o FUMTUR (Fundo Municipal de Turismo). O diretor da ONU Turismo, Heitor Kadri, sinalizou interesse em visitar Petr\u00f3polis nos pr\u00f3ximos dias, reconhecendo sua import\u00e2ncia no cen\u00e1rio nacional.<\/p>\n","protected":false},"excerpt":{"rendered":"<p>Petr\u00f3polis foi uma das \u00fanicas duas cidades do estado a marcar presen\u00e7a na cerim\u00f4nia que<\/p>\n","protected":false},"author":2,"featured_media":100403,"comment_status":"open","ping_status":"open","sticky":false,"template":"","format":"standard","meta":{"footnotes":""},"categories":[12],"tags":[],"class_list":["post-100402","post","type-post","status-publish","format-standard","has-post-thumbnail","hentry","category-cidade"],"_links":{"self":[{"href":"https:\/\/tvc16.com\/portal\/wp-json\/wp\/v2\/posts\/100402","targetHints":{"allow":["GET"]}}],"collection":[{"href":"https:\/\/tvc16.com\/portal\/wp-json\/wp\/v2\/posts"}],"about":[{"href":"https:\/\/tvc16.com\/portal\/wp-json\/wp\/v2\/types\/post"}],"author":[{"embeddable":true,"href":"https:\/\/tvc16.com\/portal\/wp-json\/wp\/v2\/users\/2"}],"replies":[{"embeddable":true,"href":"https:\/\/tvc16.com\/portal\/wp-json\/wp\/v2\/comments?post=100402"}],"version-history":[{"count":1,"href":"https:\/\/tvc16.com\/portal\/wp-json\/wp\/v2\/posts\/100402\/revisions"}],"predecessor-version":[{"id":100404,"href":"https:\/\/tvc16.com\/portal\/wp-json\/wp\/v2\/posts\/100402\/revisions\/100404"}],"wp:featuredmedia":[{"embeddable":true,"href":"https:\/\/tvc16.com\/portal\/wp-json\/wp\/v2\/media\/100403"}],"wp:attachment":[{"href":"https:\/\/tvc16.com\/portal\/wp-json\/wp\/v2\/media?parent=100402"}],"wp:term":[{"taxonomy":"category","embeddable":true,"href":"https:\/\/tvc16.com\/portal\/wp-json\/wp\/v2\/categories?post=100402"},{"taxonomy":"post_tag","embeddable":true,"href":"https:\/\/tvc16.com\/portal\/wp-json\/wp\/v2\/tags?post=100402"}],"curies":[{"name":"wp","href":"https:\/\/api.w.org\/{rel}","templated":true}]}}