{"id":100408,"date":"2025-03-10T08:35:22","date_gmt":"2025-03-10T11:35:22","guid":{"rendered":"https:\/\/tvc16.com\/portal\/?p=100408"},"modified":"2025-03-10T08:36:01","modified_gmt":"2025-03-10T11:36:01","slug":"lei-do-feminicidio-completa-10-anos-com-impunidade-como-desafio","status":"publish","type":"post","link":"https:\/\/tvc16.com\/portal\/2025\/03\/10\/lei-do-feminicidio-completa-10-anos-com-impunidade-como-desafio\/","title":{"rendered":"Lei do Feminic\u00eddio completa 10 anos com impunidade como desafio"},"content":{"rendered":"\n<p><em>Brasil registra cerca de mil assassinatos de mulheres por ano<\/em><\/p>\n\n\n\n<p>Por Ag\u00eancia Brasil \/ Foto: T\u00e2nia R\u00eago\/Ag\u00eancia Brasil<\/p>\n\n\n\n<p><\/p>\n\n\n\n<p>A Lei do Feminic\u00eddio completou dez anos de vig\u00eancia neste domingo (09). Sancionada em 2015 pela ent\u00e3o presidente Dilma Rousseff, a norma inseriu no C\u00f3digo Penal o crime de homic\u00eddio contra mulheres no contexto de viol\u00eancia dom\u00e9stica e de discrimina\u00e7\u00e3o.&nbsp;<img decoding=\"async\" src=\"https:\/\/agenciabrasil.ebc.com.br\/ebc.png?id=1633861&amp;o=node\"><img decoding=\"async\" src=\"https:\/\/agenciabrasil.ebc.com.br\/ebc.gif?id=1633861&amp;o=node\"><\/p>\n\n\n\n<p>Em outubro do ano passado, o presidente Luiz In\u00e1cio Lula da Silva sancionou a Lei 14.994\/24 e ampliou a pena para quem comete o crime. A puni\u00e7\u00e3o, que variava entre 12 a 30 anos de pris\u00e3o, passou para m\u00ednimo de 20 e m\u00e1ximo de 40 anos.<\/p>\n\n\n\n<p>De acordo com n\u00fameros do Sistema Nacional de Informa\u00e7\u00f5es de Seguran\u00e7a P\u00fablica (Sinesp),&nbsp;<strong>o Brasil registra cerca de 1 mil assassinatos de mulheres por ano<\/strong>. O banco de dados \u00e9 mantido pelo Minist\u00e9rio da Justi\u00e7a e Seguran\u00e7a P\u00fablica (MJSP), a partir de informa\u00e7\u00f5es enviadas pelos estados \u00e0 pasta. At\u00e9 outubro de 2024, foram registrados no pa\u00eds 1.128 mortes por feminic\u00eddio no pa\u00eds.<\/p>\n\n\n\n<p>No Judici\u00e1rio, tamb\u00e9m foi registrado um volume alarmante de processos envolvendo feminic\u00eddios. No ano passado, o Conselho Nacional de Justi\u00e7a (CNJ) registrou 8,3 mil processos sobre o assassinato de mulheres. Em 2023, existiam 7,4 mil processos.<\/p>\n\n\n\n<p>As movimenta\u00e7\u00f5es processuais relacionadas a medidas protetivas previstas na Lei Maria da Penha tamb\u00e9m foram alvo de an\u00e1lise pelo CNJ. Houve 827,9 mil procedimentos desse tipo em 2024.<\/p>\n\n\n\n<p>De acordo com o CNJ, surgiram no Judici\u00e1rio brasileiro, no mesmo per\u00edodo, 959,2 mil novos casos de viol\u00eancia dom\u00e9stica. O n\u00famero \u00e9 equivalente a 2,6 novas a\u00e7\u00f5es di\u00e1rias.<\/p>\n\n\n\n<p><strong>Para ampliar o monitoramento da atua\u00e7\u00e3o do Judici\u00e1rio no combate \u00e0 viol\u00eancia contra a mulher, o Conselho vai lan\u00e7ar na ter\u00e7a-feira (11) um novo painel eletr\u00f4nico sobre os processos envolvendo viol\u00eancia dom\u00e9stica.<\/strong><\/p>\n\n\n\n<p>Com a nova plataforma ser\u00e1 poss\u00edvel verificar a atua\u00e7\u00e3o individual das varas especializadas em viol\u00eancia dom\u00e9stica e das unidades judici\u00e1rias com compet\u00eancia exclusiva para atuar nesse tipo de processo.<\/p>\n\n\n\n<figure class=\"wp-block-image\"><img decoding=\"async\" src=\"https:\/\/imagens.ebc.com.br\/sB2z0ydLS-TfNRg2F4ZkUTqz4RU=\/754x0\/smart\/https:\/\/agenciabrasil.ebc.com.br\/sites\/default\/files\/thumbnails\/image\/2025\/03\/08\/0g0a9760a.jpg?itok=Vv-WKcRg\" alt=\"S\u00e3o Paulo (SP), 08\/03\/2025 - Ato unificado pelo dia internacional de luta da mulher, com o tema \" title=\"Rovena Rosa\/Ag\u00eancia Brasil\"\/><\/figure>\n\n\n\n<p>S\u00e3o Paulo (SP), 08\/03\/2025 &#8211; Ato unificado pelo Dia Internacional de Luta da Mulher. Foto:&nbsp;<strong>Rovena Rosa\/Ag\u00eancia Brasil<\/strong><\/p>\n\n\n\n<h2 class=\"wp-block-heading\">Dia da Mulher<\/h2>\n\n\n\n<p>Neste s\u00e1bado (08), Dia Internacional da Mulher,&nbsp;<a href=\"https:\/\/agenciabrasil.ebc.com.br\/direitos-humanos\/noticia\/2025-03\/mulheres-do-df-marcham-por-politicas-publicas-e-contra-o-feminicidio\" target=\"_blank\" rel=\"noreferrer noopener\">diversos atos pelo pa\u00eds pediram o reconhecimento do direito das mulheres<\/a>. Entre as pautas reivindicadas, o combate efetivo ao feminic\u00eddio.<\/p>\n\n\n\n<h2 class=\"wp-block-heading\">Feminic\u00eddio zero<\/h2>\n\n\n\n<p>Na semana passada, durante o Carnaval, o Minist\u00e9rio das Mulheres lan\u00e7ou a campanha&nbsp;<a href=\"https:\/\/agenciabrasil.ebc.com.br\/direitos-humanos\/noticia\/2025-02\/governo-federal-lanca-campanha-feminicidio-zero-na-sapucai\" target=\"_blank\" rel=\"noreferrer noopener\">Feminic\u00eddio Zero na Sapuca\u00ed<\/a>. A campanha contou tamb\u00e9m com o apoio dos minist\u00e9rios da Igualdade Racial e da Sa\u00fade.<\/p>\n\n\n\n<p>Feminic\u00eddio Zero \u00e9 uma mobiliza\u00e7\u00e3o nacional permanente do Minist\u00e9rio das Mulheres, que conta com diferentes frentes de atua\u00e7\u00e3o com comunica\u00e7\u00e3o ampla e popular, implementa\u00e7\u00e3o de pol\u00edticas p\u00fablicas e engajamento de influenciadores.<\/p>\n\n\n\n<h2 class=\"wp-block-heading\">Pequim+30<\/h2>\n\n\n\n<p>A Organiza\u00e7\u00e3o das Na\u00e7\u00f5es Unidas Mulheres (ONU Mulheres)<a href=\"https:\/\/agenciabrasil.ebc.com.br\/direitos-humanos\/noticia\/2025-03\/pequim%2B30-paises-apontam-retrocessos-nos-direitos-das-mulheres\" target=\"_blank\" rel=\"noreferrer noopener\">&nbsp;publicou um relat\u00f3rio que relata retrocessos nos direitos das mulheres<\/a>. O documento mostra o balan\u00e7o da jornada de 159 dos 189 pa\u00edses signat\u00e1rios da Declara\u00e7\u00e3o e Plataforma de A\u00e7\u00e3o de Pequim. As a\u00e7\u00f5es dos pa\u00edses membros da ONU ser\u00e3o analisada em Nova York, nos pr\u00f3ximos dias, em uma sess\u00e3o especial da organiza\u00e7\u00e3o, que contar\u00e1 com a participa\u00e7\u00e3o do Brasil.<br><\/p>\n","protected":false},"excerpt":{"rendered":"<p>Brasil registra cerca de mil assassinatos de mulheres por ano Por Ag\u00eancia Brasil \/ Foto:<\/p>\n","protected":false},"author":2,"featured_media":100409,"comment_status":"open","ping_status":"open","sticky":false,"template":"","format":"standard","meta":{"footnotes":""},"categories":[17],"tags":[],"class_list":["post-100408","post","type-post","status-publish","format-standard","has-post-thumbnail","hentry","category-outras-noticias"],"_links":{"self":[{"href":"https:\/\/tvc16.com\/portal\/wp-json\/wp\/v2\/posts\/100408","targetHints":{"allow":["GET"]}}],"collection":[{"href":"https:\/\/tvc16.com\/portal\/wp-json\/wp\/v2\/posts"}],"about":[{"href":"https:\/\/tvc16.com\/portal\/wp-json\/wp\/v2\/types\/post"}],"author":[{"embeddable":true,"href":"https:\/\/tvc16.com\/portal\/wp-json\/wp\/v2\/users\/2"}],"replies":[{"embeddable":true,"href":"https:\/\/tvc16.com\/portal\/wp-json\/wp\/v2\/comments?post=100408"}],"version-history":[{"count":1,"href":"https:\/\/tvc16.com\/portal\/wp-json\/wp\/v2\/posts\/100408\/revisions"}],"predecessor-version":[{"id":100410,"href":"https:\/\/tvc16.com\/portal\/wp-json\/wp\/v2\/posts\/100408\/revisions\/100410"}],"wp:featuredmedia":[{"embeddable":true,"href":"https:\/\/tvc16.com\/portal\/wp-json\/wp\/v2\/media\/100409"}],"wp:attachment":[{"href":"https:\/\/tvc16.com\/portal\/wp-json\/wp\/v2\/media?parent=100408"}],"wp:term":[{"taxonomy":"category","embeddable":true,"href":"https:\/\/tvc16.com\/portal\/wp-json\/wp\/v2\/categories?post=100408"},{"taxonomy":"post_tag","embeddable":true,"href":"https:\/\/tvc16.com\/portal\/wp-json\/wp\/v2\/tags?post=100408"}],"curies":[{"name":"wp","href":"https:\/\/api.w.org\/{rel}","templated":true}]}}