{"id":100425,"date":"2025-03-10T09:15:33","date_gmt":"2025-03-10T12:15:33","guid":{"rendered":"https:\/\/tvc16.com\/portal\/?p=100425"},"modified":"2025-03-10T09:16:07","modified_gmt":"2025-03-10T12:16:07","slug":"homem-e-preso-por-descumprir-medida-protetiva-em-teresopolis","status":"publish","type":"post","link":"https:\/\/tvc16.com\/portal\/2025\/03\/10\/homem-e-preso-por-descumprir-medida-protetiva-em-teresopolis\/","title":{"rendered":"Homem \u00e9 preso por descumprir medida protetiva em Teres\u00f3polis"},"content":{"rendered":"\n<p>Policiais civis da 110\u00aa DP (Teres\u00f3polis) prenderam um homem, neste s\u00e1bado (08\/03), por descumprimento de medida protetiva a favor da ex-companheira. O autor foi detido no bairro de S\u00e3o Pedro, em Teres\u00f3polis, ap\u00f3s trabalhos de intelig\u00eancia e monitoramento da unidade.<\/p>\n\n\n\n<p>Segundo apurado, o homem n\u00e3o aceitava o fim do relacionamento. Em fevereiro, ele invadiu a casa da ex-companheira, ap\u00f3s arrombar a janela e desferiu socos e chutes contra ela. O criminoso ainda amea\u00e7ou a v\u00edtima dizendo que tinha acabado de entrar para o tr\u00e1fico local e que iria mandar seus comparsas irem atr\u00e1s dela. Toda a a\u00e7\u00e3o foi presenciada pela filha do ex-casal, de oito anos.<\/p>\n\n\n\n<p>Ao tomar ci\u00eancia dos fatos, os agentes realizam dilig\u00eancias e localizaram o autor. Contra ele, foi cumprido um mandado de pris\u00e3o preventiva.<\/p>\n","protected":false},"excerpt":{"rendered":"<p>Policiais civis da 110\u00aa DP (Teres\u00f3polis) prenderam um homem, neste s\u00e1bado (08\/03), por descumprimento de<\/p>\n","protected":false},"author":2,"featured_media":95021,"comment_status":"open","ping_status":"open","sticky":false,"template":"","format":"standard","meta":{"footnotes":""},"categories":[17],"tags":[],"class_list":["post-100425","post","type-post","status-publish","format-standard","has-post-thumbnail","hentry","category-outras-noticias"],"_links":{"self":[{"href":"https:\/\/tvc16.com\/portal\/wp-json\/wp\/v2\/posts\/100425","targetHints":{"allow":["GET"]}}],"collection":[{"href":"https:\/\/tvc16.com\/portal\/wp-json\/wp\/v2\/posts"}],"about":[{"href":"https:\/\/tvc16.com\/portal\/wp-json\/wp\/v2\/types\/post"}],"author":[{"embeddable":true,"href":"https:\/\/tvc16.com\/portal\/wp-json\/wp\/v2\/users\/2"}],"replies":[{"embeddable":true,"href":"https:\/\/tvc16.com\/portal\/wp-json\/wp\/v2\/comments?post=100425"}],"version-history":[{"count":1,"href":"https:\/\/tvc16.com\/portal\/wp-json\/wp\/v2\/posts\/100425\/revisions"}],"predecessor-version":[{"id":100426,"href":"https:\/\/tvc16.com\/portal\/wp-json\/wp\/v2\/posts\/100425\/revisions\/100426"}],"wp:featuredmedia":[{"embeddable":true,"href":"https:\/\/tvc16.com\/portal\/wp-json\/wp\/v2\/media\/95021"}],"wp:attachment":[{"href":"https:\/\/tvc16.com\/portal\/wp-json\/wp\/v2\/media?parent=100425"}],"wp:term":[{"taxonomy":"category","embeddable":true,"href":"https:\/\/tvc16.com\/portal\/wp-json\/wp\/v2\/categories?post=100425"},{"taxonomy":"post_tag","embeddable":true,"href":"https:\/\/tvc16.com\/portal\/wp-json\/wp\/v2\/tags?post=100425"}],"curies":[{"name":"wp","href":"https:\/\/api.w.org\/{rel}","templated":true}]}}