{"id":100431,"date":"2025-03-10T13:15:30","date_gmt":"2025-03-10T16:15:30","guid":{"rendered":"https:\/\/tvc16.com\/portal\/?p=100431"},"modified":"2025-03-10T13:15:32","modified_gmt":"2025-03-10T16:15:32","slug":"centro-cultural-sesc-quitandinha-fechado-para-desmontagem-de-exposicao","status":"publish","type":"post","link":"https:\/\/tvc16.com\/portal\/2025\/03\/10\/centro-cultural-sesc-quitandinha-fechado-para-desmontagem-de-exposicao\/","title":{"rendered":"Centro Cultural Sesc Quitandinha fechado para desmontagem de exposi\u00e7\u00e3o"},"content":{"rendered":"\n<p>O Centro Cultural Sesc Quitandinha (CCSQ), em Petr\u00f3polis, iniciou a desmontagem da exposi\u00e7\u00e3o Dos Brasis &#8211; Arte e Pensamento Negro, o que alterou, em parte, o funcionamento do espa\u00e7o. De 11 a 14 de mar\u00e7o, o local estar\u00e1 fechado para visita\u00e7\u00f5es, exceto o Q Bistr\u00f4, o Caf\u00e9, o Boliche e o Lago, que v\u00e3o funcionar normalmente. A visita tamb\u00e9m estar\u00e1 limitada ao p\u00fablico, de 15 a 23 de mar\u00e7o, em espa\u00e7os ocupados pela exposi\u00e7\u00e3o. Em breve, nova mostra ocupar\u00e1 o Centro Cultural.<\/p>\n\n\n\n<p>Em cartaz desde maio do ano passado, a exposi\u00e7\u00e3o Dos&nbsp;Brasis, uma das mais expressivas mostras de arte afrocentrada dos \u00faltimos anos, alcan\u00e7ou um feito hist\u00f3rico no CCSQ ao receber mais de 940 mil visitantes. A visita\u00e7\u00e3o foi encerrada no \u00faltimo domingo (09\/03).&nbsp;<\/p>\n\n\n\n<p>Como marco desse encerramento, o CCSQ lan\u00e7ou a distribui\u00e7\u00e3o do cat\u00e1logo da Dos Brasis, publica\u00e7\u00e3o que conta com imagens das obras e registros fotogr\u00e1ficos da exposi\u00e7\u00e3o, al\u00e9m de textos dos curadores e autores convidados. Professores, estudantes e profissionais ou alunos das \u00e1reas de cultura, educa\u00e7\u00e3o, ci\u00eancias sociais ou humanas poder\u00e3o solicitar um exemplar f\u00edsico do cat\u00e1logo. Basta preencher, at\u00e9 quarta-feira (12\/03), o formul\u00e1rio no link&nbsp;<a rel=\"noreferrer noopener\" target=\"_blank\" href=\"https:\/\/na01.safelinks.protection.outlook.com\/?url=https%3A%2F%2Fforms.office.com%2Fr%2FCquzy5Eqdh&amp;data=05%7C02%7C%7Ce517e27d963643b8855e08dd5fecc105%7C84df9e7fe9f640afb435aaaaaaaaaaaa%7C1%7C0%7C638772192803827198%7CUnknown%7CTWFpbGZsb3d8eyJFbXB0eU1hcGkiOnRydWUsIlYiOiIwLjAuMDAwMCIsIlAiOiJXaW4zMiIsIkFOIjoiTWFpbCIsIldUIjoyfQ%3D%3D%7C0%7C%7C%7C&amp;sdata=Ow68a5mAYaFyr3YQIS%2FwJ7%2FTD2BIZcuPE9XdewPXAhs%3D&amp;reserved=0\">https:\/\/forms.office.com\/r\/Cquzy5Eqdh<\/a>&nbsp;e escolher a data de retirada entre os dias 14, 15, 12 e 22 de mar\u00e7o. A publica\u00e7\u00e3o dever\u00e1 ser retirada na bilheteria do Quitandinha.<\/p>\n\n\n\n<p>Sob curadoria de Igor Sim\u00f5es, em parceria com Lorraine Mendes e Marcelo Campos, a exposi\u00e7\u00e3o celebra a produ\u00e7\u00e3o art\u00edstica de artistas negros e negras brasileiros, reunindo 384 obras de 241 artistas do pa\u00eds \u2013 considerada a mais abrangente mostra dedicada exclusivamente \u00e0 produ\u00e7\u00e3o negra nacional. A mostra, cujo t\u00edtulo foi inspirado em verso do samba \u201cHist\u00f3ria para ninar gente grande\u201d, que deu o 20\u00ba t\u00edtulo \u00e0 Mangueira, em 2019, \u00e9 resultado de um trabalho desenvolvido pelo Departamento Nacional do Sesc, em todo o pa\u00eds. Antes do Quitandinha, a exposi\u00e7\u00e3o foi exibida no Sesc Belenzinho, em S\u00e3o Paulo.&nbsp;<\/p>\n\n\n\n<p>Dos&nbsp;Brasis&nbsp;re\u00fane sete n\u00facleos tem\u00e1ticos &#8211; que t\u00eam como refer\u00eancia pensamentos de importantes intelectuais negros da hist\u00f3ria do Brasil, como Beatriz Nascimento, Emanoel Ara\u00fajo, Guerreiro Ramos, L\u00e9lia Gonzales e Luiz Gama. A exposi\u00e7\u00e3o apresenta obras em diversas linguagens art\u00edsticas, como pintura, fotografia, escultura, instala\u00e7\u00f5es e videoinstala\u00e7\u00f5es, produzidas desde o fim do s\u00e9culo XVIII at\u00e9 o s\u00e9culo XXI.<\/p>\n\n\n\n<p><strong>SERVI\u00c7O<\/strong><\/p>\n\n\n\n<p><strong>Centro Cultural Sesc Quitandinha &#8211;&nbsp;<\/strong><strong>Desmontagem da exposi\u00e7\u00e3o<\/strong><\/p>\n\n\n\n<p><strong>De 11 a 14\/03<\/strong>&nbsp;\u2013 o CCSQ estar\u00e1 fechado para visita\u00e7\u00f5es.&nbsp;<\/p>\n\n\n\n<p>Q Bistr\u00f4, Caf\u00e9, Boliche e Lago funcionam normalmente.<\/p>\n\n\n\n<p><strong>De 15 a 23\/03<\/strong>&nbsp;\u2013 o CSSQ estar\u00e1 aberto para visita\u00e7\u00f5es, por\u00e9m com alguns espa\u00e7os fechados para desmontagem da exposi\u00e7\u00e3o.<\/p>\n\n\n\n<p>Q Bistr\u00f4, Caf\u00e9, Boliche e Lago funcionam normalmente.<\/p>\n\n\n\n<p><strong>Visita\u00e7\u00e3o ao entorno do Lago do Quitandinha<\/strong><\/p>\n\n\n\n<p>Ter\u00e7a a domingo e feriados, das 9h \u00e0s 17h (em caso de condi\u00e7\u00f5es clim\u00e1ticas desfavor\u00e1veis, visita\u00e7\u00e3o \u00e9 suspensa).<\/p>\n\n\n\n<p>Endere\u00e7o: Av. Joaquim Rolla, 2, Quitandinha \u2013 Petr\u00f3polis.<\/p>\n\n\n\n<p><strong>Cat\u00e1logo da exposi\u00e7\u00e3o Dos Brasis&nbsp;<\/strong><\/p>\n\n\n\n<p>Solicita\u00e7\u00e3o de exemplar e agendamento de retirada pelo link:&nbsp;<a rel=\"noreferrer noopener\" target=\"_blank\" href=\"https:\/\/na01.safelinks.protection.outlook.com\/?url=https%3A%2F%2Fforms.office.com%2Fr%2FCquzy5Eqdh&amp;data=05%7C02%7C%7Ce517e27d963643b8855e08dd5fecc105%7C84df9e7fe9f640afb435aaaaaaaaaaaa%7C1%7C0%7C638772192803842551%7CUnknown%7CTWFpbGZsb3d8eyJFbXB0eU1hcGkiOnRydWUsIlYiOiIwLjAuMDAwMCIsIlAiOiJXaW4zMiIsIkFOIjoiTWFpbCIsIldUIjoyfQ%3D%3D%7C0%7C%7C%7C&amp;sdata=%2FlKVvVemfG1G1IZjrYY2vVNk0m99km1ZjmRuES9%2FYpE%3D&amp;reserved=0\">https:\/\/forms.office.com\/r\/Cquzy5Eqdh<\/a><\/p>\n\n\n\n<p><strong>Cronograma<\/strong><br><strong>06 a 12\/03:<\/strong>&nbsp;Per\u00edodo de solicita\u00e7\u00f5es dos exemplares.<br><strong>14, 15, 12 e 22\/03:<\/strong>&nbsp;Retiradas no CCSQ, conforme agendamento.<\/p>\n\n\n\n<p>Hor\u00e1rio: 10h \u00e0s 16h30.&nbsp;<\/p>\n\n\n\n<p>Local: Bilheteria do&nbsp;CCSQ.<\/p>\n\n\n\n<p>Foto: divulga\u00e7\u00e3o <\/p>\n","protected":false},"excerpt":{"rendered":"<p>O Centro Cultural Sesc Quitandinha (CCSQ), em Petr\u00f3polis, iniciou a desmontagem da exposi\u00e7\u00e3o Dos Brasis<\/p>\n","protected":false},"author":2,"featured_media":100432,"comment_status":"open","ping_status":"open","sticky":false,"template":"","format":"standard","meta":{"footnotes":""},"categories":[12],"tags":[],"class_list":["post-100431","post","type-post","status-publish","format-standard","has-post-thumbnail","hentry","category-cidade"],"_links":{"self":[{"href":"https:\/\/tvc16.com\/portal\/wp-json\/wp\/v2\/posts\/100431","targetHints":{"allow":["GET"]}}],"collection":[{"href":"https:\/\/tvc16.com\/portal\/wp-json\/wp\/v2\/posts"}],"about":[{"href":"https:\/\/tvc16.com\/portal\/wp-json\/wp\/v2\/types\/post"}],"author":[{"embeddable":true,"href":"https:\/\/tvc16.com\/portal\/wp-json\/wp\/v2\/users\/2"}],"replies":[{"embeddable":true,"href":"https:\/\/tvc16.com\/portal\/wp-json\/wp\/v2\/comments?post=100431"}],"version-history":[{"count":1,"href":"https:\/\/tvc16.com\/portal\/wp-json\/wp\/v2\/posts\/100431\/revisions"}],"predecessor-version":[{"id":100433,"href":"https:\/\/tvc16.com\/portal\/wp-json\/wp\/v2\/posts\/100431\/revisions\/100433"}],"wp:featuredmedia":[{"embeddable":true,"href":"https:\/\/tvc16.com\/portal\/wp-json\/wp\/v2\/media\/100432"}],"wp:attachment":[{"href":"https:\/\/tvc16.com\/portal\/wp-json\/wp\/v2\/media?parent=100431"}],"wp:term":[{"taxonomy":"category","embeddable":true,"href":"https:\/\/tvc16.com\/portal\/wp-json\/wp\/v2\/categories?post=100431"},{"taxonomy":"post_tag","embeddable":true,"href":"https:\/\/tvc16.com\/portal\/wp-json\/wp\/v2\/tags?post=100431"}],"curies":[{"name":"wp","href":"https:\/\/api.w.org\/{rel}","templated":true}]}}