{"id":100447,"date":"2025-03-10T14:52:57","date_gmt":"2025-03-10T17:52:57","guid":{"rendered":"https:\/\/tvc16.com\/portal\/?p=100447"},"modified":"2025-03-10T14:52:59","modified_gmt":"2025-03-10T17:52:59","slug":"balcao-de-empregos-da-prefeitura-oferece-mais-74-vagas-para-esta-semana","status":"publish","type":"post","link":"https:\/\/tvc16.com\/portal\/2025\/03\/10\/balcao-de-empregos-da-prefeitura-oferece-mais-74-vagas-para-esta-semana\/","title":{"rendered":"Balc\u00e3o de Empregos da Prefeitura oferece mais 74 vagas para esta semana"},"content":{"rendered":"\n<p>A Prefeitura, por meio do Balc\u00e3o de Empregos, est\u00e1 oferecendo 74 oportunidades de emprego entre segunda-feira (10) a sexta-feira (14). Os candidatos podem realizar o cadastro de seus curr\u00edculos no site da Prefeitura (https:\/\/www.petropolis.rj.gov.br)<\/p>\n\n\n\n<p>S\u00e3o mais de 10 oportunidades de primeiro emprego que n\u00e3o exigem experi\u00eancia, em vagas para: Alimentador de linha de produ\u00e7\u00e3o, assistente de vendas, embalador \u00e0 m\u00e3o, marceneiro, masseiro, operador de c\u00e2maras frias, operador de telemarketing ativo, programador visual e recepcionista de hotel.<\/p>\n\n\n\n<p>O Balc\u00e3o desta semana tamb\u00e9m conta com quatro vagas destinadas a pessoas com defici\u00eancia: auxiliar de RH e limpador.<\/p>\n\n\n\n<p>Veja todas as oportunidades desta semana:<\/p>\n\n\n\n<p>Ajudante de Motorista &#8211; Ensino M\u00e9dio \/ Experi\u00eancia na fun\u00e7\u00e3o &#8211; 4 vagas<\/p>\n\n\n\n<p>Alimentador de Linha de Produ\u00e7\u00e3o &#8211; Ensino M\u00e9dio &#8211; 4 vagas<\/p>\n\n\n\n<p>Analista de RH &#8211; Ensino M\u00e9dio \/ Cursos espec\u00edficos na \u00e1rea \/ Experi\u00eancia de 1 ano na fun\u00e7\u00e3o &#8211; 1 vaga<\/p>\n\n\n\n<p>Assistente de Vendas &#8211; Ensino M\u00e9dio &#8211; 1 vaga<\/p>\n\n\n\n<p>Auxiliar de Manuten\u00e7\u00e3o &#8211; Ensino Fundamental \/ Cursos espec\u00edficos na \u00e1rea \/ Experi\u00eancia na fun\u00e7\u00e3o &#8211; 1 vaga<\/p>\n\n\n\n<p>Auxiliar de Produ\u00e7\u00e3o &#8211; Ensino Fundamental \/ Experi\u00eancia de produ\u00e7\u00e3o no ramo aliment\u00edcio &#8211; 20 vagas<\/p>\n\n\n\n<p>Auxiliar de Produ\u00e7\u00e3o &#8211; Ensino M\u00e9dio \/ Experi\u00eancia na fun\u00e7\u00e3o &#8211; 1 vaga<\/p>\n\n\n\n<p>Cortador \u00e0 Tesoura &#8211; Ensino M\u00e9dio \/ Experi\u00eancia na fun\u00e7\u00e3o &#8211; 1 vaga<\/p>\n\n\n\n<p>Costureira Retista &#8211; Ensino M\u00e9dio \/ Experi\u00eancia de 2 anos na Fun\u00e7\u00e3o &#8211; 2 vagas<\/p>\n\n\n\n<p>Embalador \u00e0 M\u00e3o &#8211; Ensino M\u00e9dio &#8211; 1 vaga<\/p>\n\n\n\n<p>Empregada Dom\u00e9stica Diarista &#8211; Ensino Fundamental \/ Experi\u00eancia de 2 anos na Fun\u00e7\u00e3o &#8211; 1 vaga<\/p>\n\n\n\n<p>Encarregado de Limpeza &#8211; Ensino M\u00e9dio \/ CNH Cat. B \/ Experi\u00eancia de 1 ano na fun\u00e7\u00e3o &#8211; 1 vaga<\/p>\n\n\n\n<p>Estoquista &#8211; Ensino M\u00e9dio \/ Experi\u00eancia na fun\u00e7\u00e3o &#8211; 2 vagas<\/p>\n\n\n\n<p>Faxineiro &#8211; Ensino Fundamental \/ Experi\u00eancia na fun\u00e7\u00e3o &#8211; 1 vaga<\/p>\n\n\n\n<p>Manobrista Ensino M\u00e9dio \/ CNH Cat. B\/ Experi\u00eancia de 1 ano na fun\u00e7\u00e3o &#8211; 1 vaga<\/p>\n\n\n\n<p>Marceneiro &#8211; Ensino M\u00e9dio \/ Experi\u00eancia na fun\u00e7\u00e3o &#8211; 2 vagas<\/p>\n\n\n\n<p>Marceneiro &#8211; Ensino Fundamental &#8211; 1 vaga<\/p>\n\n\n\n<p>Masseiro (Massas Aliment\u00edcias) &#8211; Ensino M\u00e9dio &#8211; 3 vagas<\/p>\n\n\n\n<p>Mec\u00e2nico de Manuten\u00e7\u00e3o de M\u00e1quinas &#8211; Ensino M\u00e9dio \/ Cursos espec\u00edficos na \u00e1rea \/ Experi\u00eancia de 2 anos na fun\u00e7\u00e3o &#8211; 1 vaga<\/p>\n\n\n\n<p>Motorista de Caminh\u00e3o &#8211; Ensino M\u00e9dio \/ CNH Cat. D \/ Experi\u00eancia de 1 ano na fun\u00e7\u00e3o &#8211; 5 vagas<\/p>\n\n\n\n<p>Motorista de Caminh\u00e3o Refrigerado &#8211; Ensino M\u00e9dio \/ CNH Cat. D \/ Experi\u00eancia de 1 ano na fun\u00e7\u00e3o &#8211; 4 vagas<\/p>\n\n\n\n<p>Operador de Caixa &#8211; Ensino M\u00e9dio \/ Experi\u00eancia de 1 ano na fun\u00e7\u00e3o &#8211; 2 vagas<\/p>\n\n\n\n<p>Operador de C\u00e2maras Frias &#8211; Ensino M\u00e9dio &#8211; 4 vagas<\/p>\n\n\n\n<p>Operador de Telemarketing Ativo &#8211; Ensino M\u00e9dio \/ Curso espec\u00edfico na \u00e1rea &#8211; 1 vaga<\/p>\n\n\n\n<p>Programador Visual &#8211; Ensino Superior completo ou cursando (Produ\u00e7\u00e3o Editorial, Design, Comunica\u00e7\u00e3o Social e \u00e1reas correlatas) &#8211; 1 vaga<\/p>\n\n\n\n<p>Recepcionista de Hotel &#8211; Ensino M\u00e9dio \/ Dom\u00ednio do idioma Ingl\u00eas \/ Disponibilidade de Hor\u00e1rio &#8211; 1 vaga<\/p>\n\n\n\n<p>Supervisor de Marcenaria &#8211; Ensino M\u00e9dio \/ Experi\u00eancia na fun\u00e7\u00e3o &#8211; 1 vaga<\/p>\n\n\n\n<p>T\u00e9cnico de Manuten\u00e7\u00e3o de M\u00e1quinas &#8211; Ensino M\u00e9dio \/ Cursos espec\u00edficos na \u00e1rea \/ Experi\u00eancia de 1 ano na fun\u00e7\u00e3o &#8211; 1 vaga<\/p>\n\n\n\n<p>T\u00e9cnico de Seguran\u00e7a no Trabalho &#8211; Ensino M\u00e9dio \/ Cursos espec\u00edficos na \u00e1rea \/ Experi\u00eancia na fun\u00e7\u00e3o &#8211; 1 vaga<\/p>\n\n\n\n<p>Auxiliar de RH (Pessoa com Defici\u00eancia) &#8211; Ensino M\u00e9dio. Possuir laudo que comprove defici\u00eancia que permita a realiza\u00e7\u00e3o das atividades com seguran\u00e7a &#8211; 1 vaga<\/p>\n\n\n\n<p>Limpador (Pessoa com Defici\u00eancia) &#8211; Ensino Fundamental. Possuir laudo que comprove defici\u00eancia que permita a realiza\u00e7\u00e3o das atividades com seguran\u00e7a &#8211; 3 vagas<\/p>\n\n\n\n<p>Foto: Ag\u00eancia Brasil<\/p>\n","protected":false},"excerpt":{"rendered":"<p>A Prefeitura, por meio do Balc\u00e3o de Empregos, est\u00e1 oferecendo 74 oportunidades de emprego entre<\/p>\n","protected":false},"author":2,"featured_media":89898,"comment_status":"open","ping_status":"open","sticky":false,"template":"","format":"standard","meta":{"footnotes":""},"categories":[12],"tags":[],"class_list":["post-100447","post","type-post","status-publish","format-standard","has-post-thumbnail","hentry","category-cidade"],"_links":{"self":[{"href":"https:\/\/tvc16.com\/portal\/wp-json\/wp\/v2\/posts\/100447","targetHints":{"allow":["GET"]}}],"collection":[{"href":"https:\/\/tvc16.com\/portal\/wp-json\/wp\/v2\/posts"}],"about":[{"href":"https:\/\/tvc16.com\/portal\/wp-json\/wp\/v2\/types\/post"}],"author":[{"embeddable":true,"href":"https:\/\/tvc16.com\/portal\/wp-json\/wp\/v2\/users\/2"}],"replies":[{"embeddable":true,"href":"https:\/\/tvc16.com\/portal\/wp-json\/wp\/v2\/comments?post=100447"}],"version-history":[{"count":1,"href":"https:\/\/tvc16.com\/portal\/wp-json\/wp\/v2\/posts\/100447\/revisions"}],"predecessor-version":[{"id":100448,"href":"https:\/\/tvc16.com\/portal\/wp-json\/wp\/v2\/posts\/100447\/revisions\/100448"}],"wp:featuredmedia":[{"embeddable":true,"href":"https:\/\/tvc16.com\/portal\/wp-json\/wp\/v2\/media\/89898"}],"wp:attachment":[{"href":"https:\/\/tvc16.com\/portal\/wp-json\/wp\/v2\/media?parent=100447"}],"wp:term":[{"taxonomy":"category","embeddable":true,"href":"https:\/\/tvc16.com\/portal\/wp-json\/wp\/v2\/categories?post=100447"},{"taxonomy":"post_tag","embeddable":true,"href":"https:\/\/tvc16.com\/portal\/wp-json\/wp\/v2\/tags?post=100447"}],"curies":[{"name":"wp","href":"https:\/\/api.w.org\/{rel}","templated":true}]}}