{"id":100449,"date":"2025-03-10T16:45:30","date_gmt":"2025-03-10T19:45:30","guid":{"rendered":"https:\/\/tvc16.com\/portal\/?p=100449"},"modified":"2025-03-10T16:45:32","modified_gmt":"2025-03-10T19:45:32","slug":"dengue-brasil-ultrapassa-meio-milhao-de-casos-provaveis-este-ano","status":"publish","type":"post","link":"https:\/\/tvc16.com\/portal\/2025\/03\/10\/dengue-brasil-ultrapassa-meio-milhao-de-casos-provaveis-este-ano\/","title":{"rendered":"Dengue: Brasil ultrapassa meio milh\u00e3o de casos prov\u00e1veis este ano"},"content":{"rendered":"\n<p><strong>De janeiro a mar\u00e7o deste ano, o Brasil registrou 502.317 casos prov\u00e1veis de dengue.<\/strong>&nbsp;Durante o per\u00edodo, foram confirmadas 235 mortes pela doen\u00e7a, enquanto 491 \u00f3bitos permanecem em investiga\u00e7\u00e3o. O coeficiente de incid\u00eancia no pa\u00eds, neste momento, \u00e9 de 236,3 casos de dengue para cada 100 mil habitantes.&nbsp;<img decoding=\"async\" src=\"https:\/\/agenciabrasil.ebc.com.br\/ebc.png?id=1633894&amp;o=node\"><img decoding=\"async\" src=\"https:\/\/agenciabrasil.ebc.com.br\/ebc.gif?id=1633894&amp;o=node\"><\/p>\n\n\n\n<p>Os dados s\u00e3o do&nbsp;<a href=\"https:\/\/www.gov.br\/saude\/pt-br\/assuntos\/saude-de-a-a-z\/a\/aedes-aegypti\/monitoramento-das-arboviroses\" target=\"_blank\" rel=\"noreferrer noopener\">Painel de Monitoramento das Arboviroses, do Minist\u00e9rio da Sa\u00fade<\/a>. De acordo com a plataforma, 55% dos casos prov\u00e1veis de dengue registrados este ano foram entre mulheres e 45%, entre homens. As faixas et\u00e1rias que mais concentram casos s\u00e3o de 20 a 29 anos, de 30 a 39 anos e de 40 a 49 anos.<\/p>\n\n\n\n<p>S\u00e3o Paulo lidera o ranking de estados, com 291.423 casos prov\u00e1veis. Em seguida est\u00e3o Minas Gerais (57.348), Paran\u00e1 (31.786) e Goi\u00e1s (27.081).&nbsp;<strong>Em rela\u00e7\u00e3o ao coeficiente de incid\u00eancia, o Acre aparece em primeiro lugar, com 760,9 casos para cada 100 mil habitantes<\/strong>, seguido por S\u00e3o Paulo (633,9), Mato Grosso (470,2) e Goi\u00e1s (368,4).<\/p>\n\n\n\n<p>Paula Laboissi\u00e8re \u2013 Rep\u00f3rter da Ag\u00eancia Brasil<br>Foto: \u00a9 41330\/Pixabay<br><\/p>\n","protected":false},"excerpt":{"rendered":"<p>De janeiro a mar\u00e7o deste ano, o Brasil registrou 502.317 casos prov\u00e1veis de dengue.&nbsp;Durante o<\/p>\n","protected":false},"author":2,"featured_media":100450,"comment_status":"open","ping_status":"open","sticky":false,"template":"","format":"standard","meta":{"footnotes":""},"categories":[17],"tags":[],"class_list":["post-100449","post","type-post","status-publish","format-standard","has-post-thumbnail","hentry","category-outras-noticias"],"_links":{"self":[{"href":"https:\/\/tvc16.com\/portal\/wp-json\/wp\/v2\/posts\/100449","targetHints":{"allow":["GET"]}}],"collection":[{"href":"https:\/\/tvc16.com\/portal\/wp-json\/wp\/v2\/posts"}],"about":[{"href":"https:\/\/tvc16.com\/portal\/wp-json\/wp\/v2\/types\/post"}],"author":[{"embeddable":true,"href":"https:\/\/tvc16.com\/portal\/wp-json\/wp\/v2\/users\/2"}],"replies":[{"embeddable":true,"href":"https:\/\/tvc16.com\/portal\/wp-json\/wp\/v2\/comments?post=100449"}],"version-history":[{"count":1,"href":"https:\/\/tvc16.com\/portal\/wp-json\/wp\/v2\/posts\/100449\/revisions"}],"predecessor-version":[{"id":100451,"href":"https:\/\/tvc16.com\/portal\/wp-json\/wp\/v2\/posts\/100449\/revisions\/100451"}],"wp:featuredmedia":[{"embeddable":true,"href":"https:\/\/tvc16.com\/portal\/wp-json\/wp\/v2\/media\/100450"}],"wp:attachment":[{"href":"https:\/\/tvc16.com\/portal\/wp-json\/wp\/v2\/media?parent=100449"}],"wp:term":[{"taxonomy":"category","embeddable":true,"href":"https:\/\/tvc16.com\/portal\/wp-json\/wp\/v2\/categories?post=100449"},{"taxonomy":"post_tag","embeddable":true,"href":"https:\/\/tvc16.com\/portal\/wp-json\/wp\/v2\/tags?post=100449"}],"curies":[{"name":"wp","href":"https:\/\/api.w.org\/{rel}","templated":true}]}}