{"id":100453,"date":"2025-03-11T08:22:13","date_gmt":"2025-03-11T11:22:13","guid":{"rendered":"https:\/\/tvc16.com\/portal\/?p=100453"},"modified":"2025-03-11T08:22:15","modified_gmt":"2025-03-11T11:22:15","slug":"claudio-castro-anuncia-1-213-vagas-para-agentes-civis-da-operacao-seguranca-presente","status":"publish","type":"post","link":"https:\/\/tvc16.com\/portal\/2025\/03\/11\/claudio-castro-anuncia-1-213-vagas-para-agentes-civis-da-operacao-seguranca-presente\/","title":{"rendered":"Cl\u00e1udio Castro anuncia 1.213 vagas para agentes civis da Opera\u00e7\u00e3o Seguran\u00e7a Presente"},"content":{"rendered":"\n<p><em>\u00a0Sele\u00e7\u00e3o ter\u00e1 ainda mais 1.000 oportunidades em banco de reserva<\/em><br><em><br><\/em>Assim como anunciou o governador Cl\u00e1udio Castro em primeira m\u00e3o em suas redes sociais, o Governo do Estado do Rio, por meio da Secretaria de Governo, abre, nesta ter\u00e7a-feira (11\/03), as inscri\u00e7\u00f5es para sele\u00e7\u00e3o de jovens volunt\u00e1rios para atuar na Opera\u00e7\u00e3o Seguran\u00e7a Presente. Ser\u00e3o abertas 1.213 vagas para contrata\u00e7\u00e3o imediata e ainda ser\u00e1 feito um banco de reserva de outros 1.000 candidatos.<br>Um total de 20% das vagas \u00e9 reservado para negros e ind\u00edgenas e 10% para pessoas com renda familiar at\u00e9 meio sal\u00e1rio m\u00ednimo (Lei estadual 7.747\/17 que define hipossufici\u00eancia econ\u00f4mica). Os volunt\u00e1rios receber\u00e3o R$ 3.036, mais R$ 350 de aux\u00edlio alimenta\u00e7\u00e3o.<\/p>\n\n\n\n<p>Haver\u00e1 oportunidades para agentes civis e assistentes sociais. Os selecionados v\u00e3o integrar a equipe da Opera\u00e7\u00e3o Seguran\u00e7a Presente na confec\u00e7\u00e3o de documentos, relat\u00f3rios, e outros formul\u00e1rios; na coleta de dados; na condu\u00e7\u00e3o de ve\u00edculos, quando devidamente habilitados e na realiza\u00e7\u00e3o de servi\u00e7os administrativos. J\u00e1 os assistentes sociais atender\u00e3o a popula\u00e7\u00e3o em situa\u00e7\u00e3o vulner\u00e1vel, orienta\u00e7\u00e3o a popula\u00e7\u00e3o atendida, e seus familiares quanto acesso e exerc\u00edcio de seus direitos e deveres legais.<\/p>\n\n\n\n<p>&nbsp;&#8211; O Programa Seguran\u00e7a Presente tem sido muito importante para reduzir a criminalidade no Estado do Rio. Os agentes civis, bem como os assistentes sociais s\u00e3o fundamentais no atendimento \u00e0 popula\u00e7\u00e3o nesta abordagem de proximidade. Abrir este processo seletivo demonstra o nosso compromisso com a continuidade desse programa que \u00e9 amplamente apoiado e aprovado pela popula\u00e7\u00e3o &#8211; explicou o governador Cl\u00e1udio Castro.<\/p>\n\n\n\n<p>De acordo com o secret\u00e1rio de Estado de Governo, Andr\u00e9 Moura, a &nbsp;abordagem multidisciplinar do Programa Seguran\u00e7a Presente fortalece o trip\u00e9 que sustenta a opera\u00e7\u00e3o: seguran\u00e7a, assist\u00eancia e cidadania.<\/p>\n\n\n\n<p>&nbsp;&#8211; Enquanto os assistentes sociais promovem acolhimento e encaminhamento para servi\u00e7os essenciais, os agentes civis desempenham miss\u00f5es em a\u00e7\u00f5es preventivas e na intera\u00e7\u00e3o com a comunidade. Essa vis\u00e3o integrada n\u00e3o apenas aumenta a efic\u00e1cia nas a\u00e7\u00f5es de seguran\u00e7a p\u00fablica, mas tamb\u00e9m humaniza o atendimento, refor\u00e7ando a confian\u00e7a da popula\u00e7\u00e3o no programa &#8211; completa Moura.<\/p>\n\n\n\n<p><strong>Requisitos<\/strong><\/p>\n\n\n\n<p>Para se candidatar, \u00e9 preciso ter mais de 18 anos, ter boa sa\u00fade, n\u00e3o ter antecedentes criminais e estar em dia com as obriga\u00e7\u00f5es eleitorais. Os assistentes sociais devem ter forma\u00e7\u00e3o espec\u00edfica de n\u00edvel superior. Para os homens \u00e9 preciso ser egresso das For\u00e7as Armadas, ou seja, ter servido em alguma unidade militar.<\/p>\n\n\n\n<p>O processo seletivo ser\u00e1 realizado pelo Instituto Nacional de Desenvolvimento Educacional e Capacita\u00e7\u00e3o (INDEC). As inscri\u00e7\u00f5es come\u00e7am \u00e0 0h do dia 11 de mar\u00e7o e terminam \u00e0s 23h59 do dia 11 de abril. Devem ser feitas, preferencialmente, pela internet no site&nbsp;<a href=\"https:\/\/institutoindec.org.br\/\" target=\"_blank\" rel=\"noreferrer noopener\">https:\/\/institutoindec.org.br<\/a>. O Estado tamb\u00e9m est\u00e1 oferecendo uma sala presencial para aqueles que n\u00e3o possuem internet ou computador para a inscri\u00e7\u00e3o: Rua Erasmo Braga, n.\u00ba 118, sobreloja, sala EGEP \u2013 Centro \u2013 RJ, no hor\u00e1rio das 9h \u00e0s 17h, de segunda a sexta-feira. O valor da taxa de inscri\u00e7\u00e3o \u00e9 de R$ 63.<\/p>\n\n\n\n<p>A sele\u00e7\u00e3o ser\u00e1 feita a partir da an\u00e1lise curricular de car\u00e1ter classificat\u00f3rio e ser\u00e1 realizada \u00fanica e exclusivamente de forma online. Posteriormente, os aprovados ser\u00e3o convocados para a realiza\u00e7\u00e3o de Teste de Aptid\u00e3o F\u00edsica (TAF) de car\u00e1ter eliminat\u00f3rio, que ser\u00e1 executado pela Segov, em parceria com \u00f3rg\u00e3os e entidades da Administra\u00e7\u00e3o P\u00fablica Estadual. A terceira e \u00faltima etapa do certame ser\u00e1 o Curso de Treinamento.<\/p>\n\n\n\n<p>As oportunidades est\u00e3o distribu\u00eddas pelas seguintes regi\u00f5es:<\/p>\n\n\n\n<p>&#8211; 905 vagas na Metropolitana I &#8211; Belford Roxo, Duque de Caxias, Itagua\u00ed, Japeri, Mesquita, Nil\u00f3polis, Nova Igua\u00e7u, Queimados, Rio de Janeiro, S\u00e3o Jo\u00e3o de Meriti e Serop\u00e9dica.<\/p>\n\n\n\n<p>&#8211; 158 vagas na Metropolitana II e Baixada Litor\u00e2nea &#8211; Mag\u00e9, Itabora\u00ed, Maric\u00e1, Niter\u00f3i, S\u00e3o Gon\u00e7alo, Tangu\u00e1, Rio Bonito, Silva Jardim, e Araruama, Arma\u00e7\u00e3o de B\u00fazios, Arraial do Cabo, Cabo Frio, Casimiro de Abreu, Iguaba Grande, Rio das Ostras, S\u00e3o Pedro da Aldeia e Saquarema. &#8211; 62 vagas no Norte e no Noroeste Fluminense &#8211; Campos de Goytacazes, Carapebus, Cardoso Moreira, Concei\u00e7\u00e3o de Macabu, Maca\u00e9, Quissam\u00e3, S\u00e3o Fid\u00e9lis, S\u00e3o Francisco de Itabapoana, S\u00e3o Jo\u00e3o da Barra, &nbsp;Aperib\u00e9, Bom Jesus do Itabapoana, Cambuci, Italva, Itaocara, Itaperuna, Laje de Muria\u00e9, Miracema, Natividade, Porci\u00fancula, Sto Ant\u00f4nio de P\u00e1dua, S\u00e3o Jos\u00e9 de Ub\u00e1 e Varre e Sai.<\/p>\n","protected":false},"excerpt":{"rendered":"<p>\u00a0Sele\u00e7\u00e3o ter\u00e1 ainda mais 1.000 oportunidades em banco de reservaAssim como anunciou o governador Cl\u00e1udio<\/p>\n","protected":false},"author":2,"featured_media":5882,"comment_status":"open","ping_status":"open","sticky":false,"template":"","format":"standard","meta":{"footnotes":""},"categories":[17],"tags":[],"class_list":["post-100453","post","type-post","status-publish","format-standard","has-post-thumbnail","hentry","category-outras-noticias"],"_links":{"self":[{"href":"https:\/\/tvc16.com\/portal\/wp-json\/wp\/v2\/posts\/100453","targetHints":{"allow":["GET"]}}],"collection":[{"href":"https:\/\/tvc16.com\/portal\/wp-json\/wp\/v2\/posts"}],"about":[{"href":"https:\/\/tvc16.com\/portal\/wp-json\/wp\/v2\/types\/post"}],"author":[{"embeddable":true,"href":"https:\/\/tvc16.com\/portal\/wp-json\/wp\/v2\/users\/2"}],"replies":[{"embeddable":true,"href":"https:\/\/tvc16.com\/portal\/wp-json\/wp\/v2\/comments?post=100453"}],"version-history":[{"count":1,"href":"https:\/\/tvc16.com\/portal\/wp-json\/wp\/v2\/posts\/100453\/revisions"}],"predecessor-version":[{"id":100454,"href":"https:\/\/tvc16.com\/portal\/wp-json\/wp\/v2\/posts\/100453\/revisions\/100454"}],"wp:featuredmedia":[{"embeddable":true,"href":"https:\/\/tvc16.com\/portal\/wp-json\/wp\/v2\/media\/5882"}],"wp:attachment":[{"href":"https:\/\/tvc16.com\/portal\/wp-json\/wp\/v2\/media?parent=100453"}],"wp:term":[{"taxonomy":"category","embeddable":true,"href":"https:\/\/tvc16.com\/portal\/wp-json\/wp\/v2\/categories?post=100453"},{"taxonomy":"post_tag","embeddable":true,"href":"https:\/\/tvc16.com\/portal\/wp-json\/wp\/v2\/tags?post=100453"}],"curies":[{"name":"wp","href":"https:\/\/api.w.org\/{rel}","templated":true}]}}