{"id":100457,"date":"2025-03-11T08:25:08","date_gmt":"2025-03-11T11:25:08","guid":{"rendered":"https:\/\/tvc16.com\/portal\/?p=100457"},"modified":"2025-03-11T08:25:10","modified_gmt":"2025-03-11T11:25:10","slug":"prefeito-hingo-hammes-acompanha-trabalho-da-defesa-civil-no-distrito-da-posse","status":"publish","type":"post","link":"https:\/\/tvc16.com\/portal\/2025\/03\/11\/prefeito-hingo-hammes-acompanha-trabalho-da-defesa-civil-no-distrito-da-posse\/","title":{"rendered":"Prefeito Hingo Hammes acompanha trabalho da Defesa Civil no distrito da Posse"},"content":{"rendered":"\n<p><em>Regi\u00e3o do Ing\u00e1 foi atingida por novos desplacamentos de pedras nesta segunda-feira (10)<\/em><\/p>\n\n\n\n<p>O prefeito Hingo Hammes acompanhou nesta segunda-feira (10) as equipes da Secretaria de Prote\u00e7\u00e3o e Defesa Civil nas vistorias na localidade do Ing\u00e1, no distrito da Posse, onde foram registrados tr\u00eas desplacamentos de pedras. As ocorr\u00eancias foram em uma regi\u00e3o j\u00e1 interditada pela Defesa Civil. Nenhum im\u00f3vel foi atingido e nem houve v\u00edtimas.<\/p>\n\n\n\n<p>\u201cEsse n\u00e3o \u00e9 um problema recente, h\u00e1 anos a regi\u00e3o enfrenta epis\u00f3dios como esse. Estamos analisando todo o hist\u00f3rico do local e avaliando as melhores solu\u00e7\u00f5es para garantir mais seguran\u00e7a e estabilidade para os moradores. Nosso compromisso \u00e9 acompanhar de perto cada situa\u00e7\u00e3o e atuar de forma respons\u00e1vel para proteger nossa popula\u00e7\u00e3o. Seguimos trabalhando\u201d, disse o prefeito Hingo Hammes.<\/p>\n\n\n\n<p>O prefeito esteve na regi\u00e3o ao lado do secret\u00e1rio de Prote\u00e7\u00e3o e Defesa Civil, Guilherme Moraes, da secretaria de Assist\u00eancia Social, Adriana Kreisher e do vereador Marquinhos Almeida. \u201cA ocorr\u00eancia de desplacamentos de rochas acontece devido aos processos intemp\u00e9ricos que s\u00e3o: chuva, vento, sol, varia\u00e7\u00f5es de temperatura, entre outros, que aos poucos desgastam e enfraquecem o material. Nossas equipes continuam acompanhando a situa\u00e7\u00e3o\u201d, explicou o secret\u00e1rio de Prote\u00e7\u00e3o e Defesa Civil, Guilherme Moraes.<\/p>\n\n\n\n<p>O primeiro registro de rolamento de bloco na regi\u00e3o aconteceu em fevereiro de 2014. Depois foram registrados mais quatro: setembro de 2017, janeiro de 2019, janeiro de 2022 e dezembro de 2023. Oitenta e cinco im\u00f3veis est\u00e3o interditados na localidade e 56 fam\u00edlias, que tem direito ao benef\u00edcio, est\u00e3o inclu\u00eddas no Aluguel Social.<\/p>\n","protected":false},"excerpt":{"rendered":"<p>Regi\u00e3o do Ing\u00e1 foi atingida por novos desplacamentos de pedras nesta segunda-feira (10) O prefeito<\/p>\n","protected":false},"author":2,"featured_media":100429,"comment_status":"open","ping_status":"open","sticky":false,"template":"","format":"standard","meta":{"footnotes":""},"categories":[12],"tags":[],"class_list":["post-100457","post","type-post","status-publish","format-standard","has-post-thumbnail","hentry","category-cidade"],"_links":{"self":[{"href":"https:\/\/tvc16.com\/portal\/wp-json\/wp\/v2\/posts\/100457","targetHints":{"allow":["GET"]}}],"collection":[{"href":"https:\/\/tvc16.com\/portal\/wp-json\/wp\/v2\/posts"}],"about":[{"href":"https:\/\/tvc16.com\/portal\/wp-json\/wp\/v2\/types\/post"}],"author":[{"embeddable":true,"href":"https:\/\/tvc16.com\/portal\/wp-json\/wp\/v2\/users\/2"}],"replies":[{"embeddable":true,"href":"https:\/\/tvc16.com\/portal\/wp-json\/wp\/v2\/comments?post=100457"}],"version-history":[{"count":1,"href":"https:\/\/tvc16.com\/portal\/wp-json\/wp\/v2\/posts\/100457\/revisions"}],"predecessor-version":[{"id":100458,"href":"https:\/\/tvc16.com\/portal\/wp-json\/wp\/v2\/posts\/100457\/revisions\/100458"}],"wp:featuredmedia":[{"embeddable":true,"href":"https:\/\/tvc16.com\/portal\/wp-json\/wp\/v2\/media\/100429"}],"wp:attachment":[{"href":"https:\/\/tvc16.com\/portal\/wp-json\/wp\/v2\/media?parent=100457"}],"wp:term":[{"taxonomy":"category","embeddable":true,"href":"https:\/\/tvc16.com\/portal\/wp-json\/wp\/v2\/categories?post=100457"},{"taxonomy":"post_tag","embeddable":true,"href":"https:\/\/tvc16.com\/portal\/wp-json\/wp\/v2\/tags?post=100457"}],"curies":[{"name":"wp","href":"https:\/\/api.w.org\/{rel}","templated":true}]}}