{"id":10046,"date":"2021-01-30T19:48:28","date_gmt":"2021-01-30T22:48:28","guid":{"rendered":"https:\/\/tvc16.com\/portal\/?p=10046"},"modified":"2021-02-01T23:07:30","modified_gmt":"2021-02-02T02:07:30","slug":"neste-sabado-597-profissionais-de-unidades-hospitalares-foram-vacinados-as-equipes-de-enfermagem-estiveram-no-hospital-alcides-carneiro-unimed-e-santa-teresa","status":"publish","type":"post","link":"https:\/\/tvc16.com\/portal\/2021\/01\/30\/neste-sabado-597-profissionais-de-unidades-hospitalares-foram-vacinados-as-equipes-de-enfermagem-estiveram-no-hospital-alcides-carneiro-unimed-e-santa-teresa\/","title":{"rendered":"Nesta segunda-feira (01) em Petr\u00f3polis, profissionais de treze unidades da aten\u00e7\u00e3o b\u00e1sica, foram vacinados"},"content":{"rendered":"\n<p>As equipes de enfermagem, sob coordena\u00e7\u00e3o do departamento de Vigil\u00e2ncia em Sa\u00fade, estiveram nesta segunda-feira (01) em treze unidades b\u00e1sicas de sa\u00fade e uma unidade hospitalar. Nesta segunda-feira, foram vacinados 240 profissionais de sa\u00fade, totalizando 3.853 pessoas vacinadas no munic\u00edpio.<\/p>\n\n\n\n<p>No s\u00e1bado (30\/01), 597 profissionais de unidades hospitalares foram vacinados. As equipes de enfermagem estiveram no Hospital Alcides Carneiro, Unimed e Santa Teresa<\/p>\n\n\n\n<p>A campanha de vacina\u00e7\u00e3o contra a Covid-19 entrou em uma nova etapa neste s\u00e1bado. As equipes de enfermagem estiveram em tr\u00eas unidades hospitalares para vacinar profissionais de sa\u00fade que n\u00e3o atuam diretamente no combate \u00e0 doen\u00e7a. A a\u00e7\u00e3o foi coordenada pelo Departamento de Vigil\u00e2ncia em Sa\u00fade do munic\u00edpio e vacinou 597 pessoas. Ao todo, j\u00e1 foram aplicadas 3.613 doses.<\/p>\n\n\n\n<p>As equipes de enfermagem estiveram no Hospital Alcides Carneiro, Hospital Unimed e Hospital Santa Teresa. O enfermeiro chefe da Cl\u00ednica Masculina, Adriano Calsavari, foi o primeiro a ser vacinado no HAC e destacou a import\u00e2ncia de ser vacinado neste momento: \u201cA vacina vai permitir que menos funcion\u00e1rios fiquem afastados e, com isso, teremos uma qualidade maior no atendimento dos pacientes e conseguiremos prestar um servi\u00e7o melhor para a popula\u00e7\u00e3o\u201d.<\/p>\n\n\n\n<p>Nesta etapa, a vacina\u00e7\u00e3o foi estendida aos demais profissionais de sa\u00fade que atuam nas unidades hospitalares que n\u00e3o foram contemplados na primeira etapa. Tamb\u00e9m ser\u00e3o vacinados todos os funcion\u00e1rios e agentes comunit\u00e1rios de Sa\u00fade que est\u00e3o na ativa nas UBS, PSF, Pronto Atendimento, Centro de Sa\u00fade, Servi\u00e7o de Atendimento Domiciliar e N\u00facleo de Apoio \u00e0 Sa\u00fade da Fam\u00edlia.<\/p>\n\n\n\n<p><\/p>\n\n\n\n<p><\/p>\n\n\n\n<p><\/p>\n\n\n\n<p><\/p>\n","protected":false},"excerpt":{"rendered":"<p>As equipes de enfermagem, sob coordena\u00e7\u00e3o do departamento de Vigil\u00e2ncia em Sa\u00fade, estiveram nesta segunda-feira<\/p>\n","protected":false},"author":2,"featured_media":0,"comment_status":"open","ping_status":"open","sticky":false,"template":"","format":"standard","meta":{"footnotes":""},"categories":[12],"tags":[],"class_list":["post-10046","post","type-post","status-publish","format-standard","hentry","category-cidade"],"_links":{"self":[{"href":"https:\/\/tvc16.com\/portal\/wp-json\/wp\/v2\/posts\/10046","targetHints":{"allow":["GET"]}}],"collection":[{"href":"https:\/\/tvc16.com\/portal\/wp-json\/wp\/v2\/posts"}],"about":[{"href":"https:\/\/tvc16.com\/portal\/wp-json\/wp\/v2\/types\/post"}],"author":[{"embeddable":true,"href":"https:\/\/tvc16.com\/portal\/wp-json\/wp\/v2\/users\/2"}],"replies":[{"embeddable":true,"href":"https:\/\/tvc16.com\/portal\/wp-json\/wp\/v2\/comments?post=10046"}],"version-history":[{"count":2,"href":"https:\/\/tvc16.com\/portal\/wp-json\/wp\/v2\/posts\/10046\/revisions"}],"predecessor-version":[{"id":10072,"href":"https:\/\/tvc16.com\/portal\/wp-json\/wp\/v2\/posts\/10046\/revisions\/10072"}],"wp:attachment":[{"href":"https:\/\/tvc16.com\/portal\/wp-json\/wp\/v2\/media?parent=10046"}],"wp:term":[{"taxonomy":"category","embeddable":true,"href":"https:\/\/tvc16.com\/portal\/wp-json\/wp\/v2\/categories?post=10046"},{"taxonomy":"post_tag","embeddable":true,"href":"https:\/\/tvc16.com\/portal\/wp-json\/wp\/v2\/tags?post=10046"}],"curies":[{"name":"wp","href":"https:\/\/api.w.org\/{rel}","templated":true}]}}