{"id":100462,"date":"2025-03-11T08:00:00","date_gmt":"2025-03-11T11:00:00","guid":{"rendered":"https:\/\/tvc16.com\/portal\/?p=100462"},"modified":"2025-03-11T08:29:03","modified_gmt":"2025-03-11T11:29:03","slug":"distrito-da-posse-registra-novos-casos-de-desplacamento","status":"publish","type":"post","link":"https:\/\/tvc16.com\/portal\/2025\/03\/11\/distrito-da-posse-registra-novos-casos-de-desplacamento\/","title":{"rendered":"Distrito da Posse registra novos casos de desplacamento"},"content":{"rendered":"\n<p><em>Por Reda\u00e7\u00e3o<\/em><\/p>\n\n\n\n<p>Na manh\u00e3 desta segunda-feira, 10 de mar\u00e7o, tr\u00eas desplacamentos de rochas foram registrados na localidade do Ing\u00e1, no distrito da Posse. Embora as imagens divulgadas nas redes sociais tenham gerado preocupa\u00e7\u00e3o, a Defesa Civil de Petr\u00f3polis informou que nenhum im\u00f3vel foi atingido. Tamb\u00e9m foi informado que a \u00e1rea j\u00e1 estava interditada e equipes estiveram no local fazendo vistorias.<\/p>\n\n\n\n<p>Esse tipo de incidente n\u00e3o \u00e9 novo na regi\u00e3o. Em dezembro de 2023 e janeiro de 2024, deslizamentos de rochas tamb\u00e9m ocorreram, afetando seis im\u00f3veis e interrompendo o tr\u00e1fego em algumas vias. Uma pessoa foi atendida com ferimentos leves no posto de sa\u00fade local.<\/p>\n\n\n\n<p>O prefeito Hingo Hammes esteve na regi\u00e3o ao lado do secret\u00e1rio de Prote\u00e7\u00e3o e Defesa Civil, Guilherme Moraes, da secret\u00e1ria de Assist\u00eancia Social, Adriana Kreisher e do vereador Marquinhos Almeida. &#8220;A ocorr\u00eancia de desplacamentos de rochas acontece devido aos processos intemp\u00e9ricos que s\u00e3o: chuva, vento, sol, varia\u00e7\u00f5es de temperatura, entre outros, que aos poucos desgastam e enfraquecem o material. Nossas equipes continuam acompanhando a situa\u00e7\u00e3o&#8221;, explicou o secret\u00e1rio de Prote\u00e7\u00e3o e Defesa Civil, Guilherme Moraes.<\/p>\n\n\n\n<p>De acordo com a Prefeitura, desde 2014, 85 im\u00f3veis est\u00e3o interditados na localidade e 56 fam\u00edlias, que t\u00eam direito ao benef\u00edcio, est\u00e3o inclu\u00eddas no Aluguel Social. &#8220;Esse n\u00e3o \u00e9 um problema recente, h\u00e1 anos a regi\u00e3o enfrenta epis\u00f3dios como esse. Estamos analisando todo o hist\u00f3rico do local e avaliando as melhores solu\u00e7\u00f5es para garantir mais seguran\u00e7a e estabilidade para os moradores. Nosso compromisso \u00e9 acompanhar de perto cada situa\u00e7\u00e3o e atuar de forma respons\u00e1vel para proteger nossa popula\u00e7\u00e3o. Seguimos trabalhando&#8221;, disse o prefeito Hingo Hammes.<\/p>\n\n\n\n<p><strong>Problema hist\u00f3rico<\/strong><\/p>\n\n\n\n<p>A localidade do Ing\u00e1, no 5\u00ba distrito de Petr\u00f3polis, enfrenta casos de deslizamentos de rochas desde 2014. Na \u00e9poca, pedras grandes rolavam pela Rua Oswaldo Perlingeiro, na Estrada da Pedreira, o que causou a evacua\u00e7\u00e3o de aproximadamente 300 moradores, que ouviram o estrondo do descolamento das rochas. Desde ent\u00e3o, a Defesa Civil tem monitorado a \u00e1rea de perto. Sete im\u00f3veis foram interditados, e um terreno foi declarado como impr\u00f3prio para constru\u00e7\u00e3o, para garantir a seguran\u00e7a das fam\u00edlias.<\/p>\n\n\n\n<p><strong>Deslizamentos em 2019<\/strong><\/p>\n\n\n\n<p>Em 2019, novos deslizamentos de rochas foram registrados no local. De acordo com a Defesa Civil \u00e0 \u00e9poca, seis casas foram atingidas na Estrada da Pedreira e n\u00e3o houve feridos. Cerca de 40 im\u00f3veis foram interditados preventivamente pela Defesa Civil em um raio de 500 metros.<\/p>\n\n\n\n<p>O Departamento de Recursos Minerais do Estado do Rio de Janeiro (DRM-RJ) emitiu uma nota t\u00e9cnica sobre o caso. O \u00f3rg\u00e3o estadual recomendou a manuten\u00e7\u00e3o da interdi\u00e7\u00e3o das moradias procedida pela Secretaria de Defesa Civil e A\u00e7\u00f5es Volunt\u00e1rias da prefeitura de Petr\u00f3polis na localidade. A nota t\u00e9cnica do DRM explicou que &#8220;a queda de blocos rochosos do maci\u00e7o \u00e9 um processo natural inerente \u00e0 evolu\u00e7\u00e3o geomorfol\u00f3gica&#8221;. Os ge\u00f3logos apontam que &#8220;trata-se de um processo natural cont\u00ednuo, sendo a \u00e1rea em quest\u00e3o suscet\u00edvel a novas quedas e deslizamentos de rocha&#8221;.<\/p>\n\n\n\n<p><strong>Incidentes mais recentes<\/strong><\/p>\n\n\n\n<p>Em 19 de janeiro de 2022, um deslocamento de pedras atingiu quatro im\u00f3veis no Ing\u00e1. N\u00e3o houve feridos, a \u00e1rea foi isolada e as fam\u00edlias se deslocaram para a casa de familiares. No dia 23 de dezembro de 2023, a Defesa Civil foi acionada para atender uma ocorr\u00eancia de desplacamento de rochas na Rua No\u00eamia Rattes, na Posse. Cinco im\u00f3veis foram afetados, que j\u00e1 estavam interditados pelo \u00f3rg\u00e3o. Tr\u00eas vias pr\u00f3ximas tamb\u00e9m foram interditadas por medida de seguran\u00e7a. Os moradores foram orientados a evacuar suas resid\u00eancias, contando com o apoio da equipe da Secretaria de Assist\u00eancia Social, que esteve no local auxiliando as fam\u00edlias. Estas foram encaminhadas para casas de parentes e amigos.<\/p>\n\n\n\n<p>Em janeiro de 2024, no dia 22, um novo desplacamento ocorreu na Avenida No\u00eamia Alves Rattes. \u00c0s 5h, bombeiros foram acionados, que verificaram que o deslizamento de pedra atingiu uma casa e acionou a Defesa Civil do munic\u00edpio.<\/p>\n\n\n\n<p>Em entrevista ao jornal Correio Petropolitano, uma moradora da regi\u00e3o, que preferiu n\u00e3o se identificar, informou que o barulho do desplacamento de rochas foi assustador. Segundo ela, as paredes e o ch\u00e3o da casa tremeram, e o estrondo foi muito alto. Como o rolamento de rochas aconteceu de madrugada, os moradores n\u00e3o sabiam ao certo o que estava acontecendo.<\/p>\n\n\n\n<p>Para dar suporte \u00e0s fam\u00edlias da regi\u00e3o, uma base de atendimento foi montada na Pra\u00e7a do C\u00e9u da Posse, onde cerca de 40 fam\u00edlias foram cadastradas para o Aluguel Social, um programa de apoio da Prefeitura de Petr\u00f3polis, que visa oferecer uma alternativa tempor\u00e1ria para as fam\u00edlias afetadas.<\/p>\n","protected":false},"excerpt":{"rendered":"<p>Por Reda\u00e7\u00e3o Na manh\u00e3 desta segunda-feira, 10 de mar\u00e7o, tr\u00eas desplacamentos de rochas foram registrados<\/p>\n","protected":false},"author":2,"featured_media":100463,"comment_status":"open","ping_status":"open","sticky":false,"template":"","format":"standard","meta":{"footnotes":""},"categories":[12],"tags":[],"class_list":["post-100462","post","type-post","status-publish","format-standard","has-post-thumbnail","hentry","category-cidade"],"_links":{"self":[{"href":"https:\/\/tvc16.com\/portal\/wp-json\/wp\/v2\/posts\/100462","targetHints":{"allow":["GET"]}}],"collection":[{"href":"https:\/\/tvc16.com\/portal\/wp-json\/wp\/v2\/posts"}],"about":[{"href":"https:\/\/tvc16.com\/portal\/wp-json\/wp\/v2\/types\/post"}],"author":[{"embeddable":true,"href":"https:\/\/tvc16.com\/portal\/wp-json\/wp\/v2\/users\/2"}],"replies":[{"embeddable":true,"href":"https:\/\/tvc16.com\/portal\/wp-json\/wp\/v2\/comments?post=100462"}],"version-history":[{"count":1,"href":"https:\/\/tvc16.com\/portal\/wp-json\/wp\/v2\/posts\/100462\/revisions"}],"predecessor-version":[{"id":100464,"href":"https:\/\/tvc16.com\/portal\/wp-json\/wp\/v2\/posts\/100462\/revisions\/100464"}],"wp:featuredmedia":[{"embeddable":true,"href":"https:\/\/tvc16.com\/portal\/wp-json\/wp\/v2\/media\/100463"}],"wp:attachment":[{"href":"https:\/\/tvc16.com\/portal\/wp-json\/wp\/v2\/media?parent=100462"}],"wp:term":[{"taxonomy":"category","embeddable":true,"href":"https:\/\/tvc16.com\/portal\/wp-json\/wp\/v2\/categories?post=100462"},{"taxonomy":"post_tag","embeddable":true,"href":"https:\/\/tvc16.com\/portal\/wp-json\/wp\/v2\/tags?post=100462"}],"curies":[{"name":"wp","href":"https:\/\/api.w.org\/{rel}","templated":true}]}}