{"id":100474,"date":"2025-03-11T09:02:46","date_gmt":"2025-03-11T12:02:46","guid":{"rendered":"https:\/\/tvc16.com\/portal\/?p=100474"},"modified":"2025-03-11T09:02:51","modified_gmt":"2025-03-11T12:02:51","slug":"percentual-de-familias-com-dividas-em-atraso-cai-em-fevereiro-diz-cnc","status":"publish","type":"post","link":"https:\/\/tvc16.com\/portal\/2025\/03\/11\/percentual-de-familias-com-dividas-em-atraso-cai-em-fevereiro-diz-cnc\/","title":{"rendered":"Percentual de fam\u00edlias com d\u00edvidas em atraso cai em fevereiro, diz CNC"},"content":{"rendered":"\n<p><em>Consumidores est\u00e3o buscando cr\u00e9dito em condi\u00e7\u00f5es melhores<\/em><\/p>\n\n\n\n<p>Por Douglas Correa &#8211; rep\u00f3rter da Ag\u00eancia Brasil \/ Foto: Marcello Casal Jr\/Ag\u00eancia Brasil<\/p>\n\n\n\n<p><\/p>\n\n\n\n<p>O percentual de fam\u00edlias em inadimpl\u00eancia recuou pelo terceiro m\u00eas seguido em fevereiro, segundo a&nbsp;Pesquisa de Endividamento e Inadimpl\u00eancia do Consumidor (Peic), divulgada nesta segunda-feira (10) pela Confedera\u00e7\u00e3o Nacional do Com\u00e9rcio de Bens, Servi\u00e7os e Turismo (CNC). Mesmo assim, o&nbsp;estudo indica que o&nbsp;endividamento voltou a crescer ap\u00f3s duas quedas consecutivas, o que pode indicar que&nbsp;as fam\u00edlias est\u00e3o&nbsp;optando por fazer uma nova d\u00edvida, com condi\u00e7\u00f5es e prazos mais vantajosos, a fim de pagar as antigas.<img decoding=\"async\" src=\"https:\/\/agenciabrasil.ebc.com.br\/ebc.png?id=1633994&amp;o=node\"><img decoding=\"async\" src=\"https:\/\/agenciabrasil.ebc.com.br\/ebc.gif?id=1633994&amp;o=node\"><\/p>\n\n\n\n<p>As fam\u00edlias consideradas endividadas s\u00e3o as que t\u00eam contas a pagar no&nbsp;cart\u00e3o de cr\u00e9dito, cheque especial, carn\u00ea de loja, cr\u00e9dito consignado, empr\u00e9stimo pessoal, cheque pr\u00e9-datado e presta\u00e7\u00f5es de carro e casa, por exemplo. Em fevereiro, esse percentual chegou a&nbsp;76,4%, 0,3 ponto percentual (p.p.) acima do registrado em janeiro e 1,5 p.p. abaixo do verificado em fevereiro do ano passado (77,9%).<\/p>\n\n\n\n<p><strong>J\u00e1 a inadimpl\u00eancia, que considera as d\u00edvidas em atraso, teve um recuo de 0,5 ponto percentual, chegando a 28,6%<\/strong>. O percentual de fam\u00edlias que n\u00e3o ter\u00e3o condi\u00e7\u00f5es de pagar as d\u00edvidas em atraso tamb\u00e9m permanece com tend\u00eancia de queda, indo para 12,3%.<\/p>\n\n\n\n<p>Para o presidente do Sistema CNC, Sesc-Senac, Jos\u00e9 Roberto Tadros, \u201ca taxa m\u00e9dia de juros cobrada aos consumidores apresentou recuo. E isso pode estar fazendo com que as fam\u00edlias se preocupem mais com os juros pagos pelas contas atrasadas. Desse modo, passam a considerar vantajoso a troca de cr\u00e9dito\u201d.<\/p>\n\n\n\n<p>A pesquisa mostra tamb\u00e9m que, al\u00e9m de os consumidores terem menos contas atrasadas, o percentual de fam\u00edlias com d\u00edvidas em atraso por mais de 90 dias vem recuando h\u00e1 quatro meses, chegando a 48,2% do total de endividados, o menor indicador desde julho de 2024. Outro dado positivo \u00e9 que o percentual dos consumidores que t\u00eam mais da metade dos rendimentos comprometidos com d\u00edvidas tamb\u00e9m apresentou redu\u00e7\u00e3o, atingindo 20,5%, o menor percentual desde novembro de 2024.<\/p>\n\n\n\n<h2 class=\"wp-block-heading\">Endividamento<\/h2>\n\n\n\n<p>A Peic indicou tamb\u00e9m o terceiro aumento seguido do percentual de pessoas que se consideram \u201cmuito endividadas\u201d, chegando a 16,1%, o maior n\u00edvel desde setembro de 2024. A porcentagem daquelas que dizem que \u201cn\u00e3o t\u00eam d\u00edvidas desse tipo\u201d caiu para 23,5%, o que acende um sinal de alerta para a melhora do perfil de endividamento. Essa \u00e9 uma percep\u00e7\u00e3o individual das fam\u00edlias captada pela pesquisa sobre o que consideram muito ou pouco em termos de endividamento. Ou seja, \u00e9 um indicador subjetivo e n\u00e3o caracteriza propriamente um superendividamento, mas sim a vis\u00e3o de cada brasileiro sobre o assunto.<\/p>\n\n\n\n<p>\u201cAs nossas proje\u00e7\u00f5es mostram que o endividamento deve continuar aumentando ao longo deste ano, com as fam\u00edlias sentindo mais confian\u00e7a em utilizar o cr\u00e9dito para o consumo e a quita\u00e7\u00e3o de d\u00edvidas antigas, apesar dos juros. Al\u00e9m disso, a inadimpl\u00eancia deve continuar arrefecendo ao longo de 2025\u201d, avalia Felipe Tavares, economista-chefe da CNC.<br><\/p>\n","protected":false},"excerpt":{"rendered":"<p>Consumidores est\u00e3o buscando cr\u00e9dito em condi\u00e7\u00f5es melhores Por Douglas Correa &#8211; rep\u00f3rter da Ag\u00eancia Brasil<\/p>\n","protected":false},"author":2,"featured_media":100476,"comment_status":"open","ping_status":"open","sticky":false,"template":"","format":"standard","meta":{"footnotes":""},"categories":[17],"tags":[],"class_list":["post-100474","post","type-post","status-publish","format-standard","has-post-thumbnail","hentry","category-outras-noticias"],"_links":{"self":[{"href":"https:\/\/tvc16.com\/portal\/wp-json\/wp\/v2\/posts\/100474","targetHints":{"allow":["GET"]}}],"collection":[{"href":"https:\/\/tvc16.com\/portal\/wp-json\/wp\/v2\/posts"}],"about":[{"href":"https:\/\/tvc16.com\/portal\/wp-json\/wp\/v2\/types\/post"}],"author":[{"embeddable":true,"href":"https:\/\/tvc16.com\/portal\/wp-json\/wp\/v2\/users\/2"}],"replies":[{"embeddable":true,"href":"https:\/\/tvc16.com\/portal\/wp-json\/wp\/v2\/comments?post=100474"}],"version-history":[{"count":1,"href":"https:\/\/tvc16.com\/portal\/wp-json\/wp\/v2\/posts\/100474\/revisions"}],"predecessor-version":[{"id":100477,"href":"https:\/\/tvc16.com\/portal\/wp-json\/wp\/v2\/posts\/100474\/revisions\/100477"}],"wp:featuredmedia":[{"embeddable":true,"href":"https:\/\/tvc16.com\/portal\/wp-json\/wp\/v2\/media\/100476"}],"wp:attachment":[{"href":"https:\/\/tvc16.com\/portal\/wp-json\/wp\/v2\/media?parent=100474"}],"wp:term":[{"taxonomy":"category","embeddable":true,"href":"https:\/\/tvc16.com\/portal\/wp-json\/wp\/v2\/categories?post=100474"},{"taxonomy":"post_tag","embeddable":true,"href":"https:\/\/tvc16.com\/portal\/wp-json\/wp\/v2\/tags?post=100474"}],"curies":[{"name":"wp","href":"https:\/\/api.w.org\/{rel}","templated":true}]}}