{"id":100478,"date":"2025-03-11T09:06:07","date_gmt":"2025-03-11T12:06:07","guid":{"rendered":"https:\/\/tvc16.com\/portal\/?p=100478"},"modified":"2025-03-11T09:06:10","modified_gmt":"2025-03-11T12:06:10","slug":"carnaval-de-2025-teve-recordes-para-bares-restaurantes-e-hoteis-do-rj","status":"publish","type":"post","link":"https:\/\/tvc16.com\/portal\/2025\/03\/11\/carnaval-de-2025-teve-recordes-para-bares-restaurantes-e-hoteis-do-rj\/","title":{"rendered":"Carnaval de 2025 teve recordes para bares, restaurantes e hot\u00e9is do RJ"},"content":{"rendered":"\n<p><em>Impacto positivo na economia chegou a R$ 6,5 bilh\u00f5es, segundo governo<\/em><\/p>\n\n\n\n<p>Por Ag\u00eancia Brasil \/ Foto: Tomaz Silva\/Ag\u00eancia Brasil<\/p>\n\n\n\n<p><\/p>\n\n\n\n<p>O carnaval de 2025 rendeu ao setor de servi\u00e7os&nbsp;do estado do Rio de Janeiro o melhor desempenho desde 2015, segundo balan\u00e7o divulgado nesta segunda-feira (10)&nbsp;pelo governo fluminense. O setor hoteleiro teve 98,62% de&nbsp;taxa de ocupa\u00e7\u00e3o na capital do Rio,&nbsp;enquanto o setor de bares e restaurantes&nbsp;registrou um crescimento de 40% em rela\u00e7\u00e3o a 2015, e de 20% na compara\u00e7\u00e3o com 2024.&nbsp;<a href=\"https:\/\/agenciabrasil.ebc.com.br\/geral\/noticia\/2025-03\/carnaval-movimentou-r-65-bilhoes-no-estado-do-rio-de-janeiro\"><strong>O impacto positivo do per\u00edodo de folia na economia chegou a&nbsp;R$ 6,5 bilh\u00f5es<\/strong><\/a>.<img decoding=\"async\" src=\"https:\/\/agenciabrasil.ebc.com.br\/ebc.png?id=1633990&amp;o=node\"><img decoding=\"async\" src=\"https:\/\/agenciabrasil.ebc.com.br\/ebc.gif?id=1633990&amp;o=node\"><\/p>\n\n\n\n<p><strong><a href=\"https:\/\/agenciabrasil.ebc.com.br\/tags\/carnaval-2025\">Confira a cobertura da Ag\u00eancia Brasil no carnaval 2025<\/a><\/strong><\/p>\n\n\n\n<p>O governo do estado do Rio de Janeiro destacou dados setoriais que apontam recordes na economia tanto na capital quanto no interior. Segundo a Associa\u00e7\u00e3o Brasileira da Ind\u00fastria de Hot\u00e9is do Rio de Janeiro (ABIH-RJ), a regi\u00e3o do centro do Rio liderou a ocupa\u00e7\u00e3o, com 99,37%, seguida por Leme\/Copacabana (99,18%), Flamengo\/Botafogo (99,05%), Ipanema\/Leblon (98,82%) e Barra\/Recreio\/S\u00e3o Conrado (96,69%). No interior, a taxa m\u00e9dia foi de 87,74%, superando os 81,24% de 2024. O levantamento tamb\u00e9m aponta que&nbsp;<strong>o carnaval pode ter atra\u00eddo cerca de 300 mil turistas internacionais ao Brasil<\/strong>.<\/p>\n\n\n\n<h2 class=\"wp-block-heading\">Empregos tempor\u00e1rios<\/h2>\n\n\n\n<p>Dados da Divis\u00e3o de Economia e Inova\u00e7\u00e3o da Confedera\u00e7\u00e3o Nacional do Com\u00e9rcio de Bens, Servi\u00e7os e Turismo (CNC) mostram que as vagas tempor\u00e1rias para o carnaval no estado apresentaram crescimento de 8,6%. Al\u00e9m disso, de janeiro at\u00e9 o in\u00edcio de fevereiro de 2025, foram criados mais de 2,1 mil novos empreendimentos ligados ao carnaval no Rio de Janeiro, indicando est\u00edmulo aoi empreendedorismo.<\/p>\n\n\n\n<p>A estimativa, a partir de dados do Cadastro Geral de Empregados e Desempregados (Caged), \u00e9 que&nbsp;<strong>a festa gerou 70 mil empregos<\/strong>, beneficiando setores como com\u00e9rcio, servi\u00e7os e turismo.<br><\/p>\n","protected":false},"excerpt":{"rendered":"<p>Impacto positivo na economia chegou a R$ 6,5 bilh\u00f5es, segundo governo Por Ag\u00eancia Brasil \/<\/p>\n","protected":false},"author":2,"featured_media":100479,"comment_status":"open","ping_status":"open","sticky":false,"template":"","format":"standard","meta":{"footnotes":""},"categories":[17],"tags":[],"class_list":["post-100478","post","type-post","status-publish","format-standard","has-post-thumbnail","hentry","category-outras-noticias"],"_links":{"self":[{"href":"https:\/\/tvc16.com\/portal\/wp-json\/wp\/v2\/posts\/100478","targetHints":{"allow":["GET"]}}],"collection":[{"href":"https:\/\/tvc16.com\/portal\/wp-json\/wp\/v2\/posts"}],"about":[{"href":"https:\/\/tvc16.com\/portal\/wp-json\/wp\/v2\/types\/post"}],"author":[{"embeddable":true,"href":"https:\/\/tvc16.com\/portal\/wp-json\/wp\/v2\/users\/2"}],"replies":[{"embeddable":true,"href":"https:\/\/tvc16.com\/portal\/wp-json\/wp\/v2\/comments?post=100478"}],"version-history":[{"count":1,"href":"https:\/\/tvc16.com\/portal\/wp-json\/wp\/v2\/posts\/100478\/revisions"}],"predecessor-version":[{"id":100480,"href":"https:\/\/tvc16.com\/portal\/wp-json\/wp\/v2\/posts\/100478\/revisions\/100480"}],"wp:featuredmedia":[{"embeddable":true,"href":"https:\/\/tvc16.com\/portal\/wp-json\/wp\/v2\/media\/100479"}],"wp:attachment":[{"href":"https:\/\/tvc16.com\/portal\/wp-json\/wp\/v2\/media?parent=100478"}],"wp:term":[{"taxonomy":"category","embeddable":true,"href":"https:\/\/tvc16.com\/portal\/wp-json\/wp\/v2\/categories?post=100478"},{"taxonomy":"post_tag","embeddable":true,"href":"https:\/\/tvc16.com\/portal\/wp-json\/wp\/v2\/tags?post=100478"}],"curies":[{"name":"wp","href":"https:\/\/api.w.org\/{rel}","templated":true}]}}