{"id":100484,"date":"2025-03-11T10:38:37","date_gmt":"2025-03-11T13:38:37","guid":{"rendered":"https:\/\/tvc16.com\/portal\/?p=100484"},"modified":"2025-03-11T10:38:40","modified_gmt":"2025-03-11T13:38:40","slug":"abastecimento-temporariamente-interrompido-em-ruas-de-correas-nesta-quarta-feira","status":"publish","type":"post","link":"https:\/\/tvc16.com\/portal\/2025\/03\/11\/abastecimento-temporariamente-interrompido-em-ruas-de-correas-nesta-quarta-feira\/","title":{"rendered":"Abastecimento temporariamente interrompido em ruas de Corr\u00eaas nesta quarta-feira"},"content":{"rendered":"\n<p>O abastecimento em ruas do bairro Corr\u00eaas ser\u00e1 temporariamente interrompido, a partir das 9h desta quarta-feira (12\/03), para uma interven\u00e7\u00e3o da \u00c1guas do Imperador na rede de distribui\u00e7\u00e3o de \u00e1gua. A previs\u00e3o \u00e9 de que o abastecimento seja retomado gradativamente a partir das 15h do mesmo dia, hor\u00e1rio previsto para o t\u00e9rmino do trabalho.<\/p>\n\n\n\n<p>Confira as vias que ter\u00e3o o abastecimento temporariamente interrompido:<\/p>\n\n\n\n<p>Estrada Uni\u00e3o e Ind\u00fastria, Rua Vig\u00e1rio Corr\u00eaa, Estrada Mineira, Rua Melita, Estrada Luis Gomes da Silva, Rua Moacyr Pereira Coelho, Servid\u00e3o Jo\u00e3o Jos\u00e9 Noel, Rua Jos\u00e9 Candido, Rua Des. Rafael Gondim, Rua Ricardo Otero, Rua Carlino Gomes, Rua Jos\u00e9 de Assis Ramos, Rua Jos\u00e9 Luiz Dale de Ferraz, Rua Martinho Jose Santana, Avenida dos Paulistas, Rua Jos\u00e9 Joaquim Viana, Rua Visconde de Taunay, Rua Gesner Pinto Monteiro, Rua Paquita, Rua Antonio Manoel de Fran\u00e7a, Estrada do Ribeir\u00e3o, Rua Paulo Martins Filho, Rua Silvestre, Rua Mercedes, Avenida S\u00e9rgio Porto, Rua Jo\u00e3o de Assis Ramos, Rua Henrique Jorge Carvalho de Souza, Rua Carvalho J\u00fanior, Pra\u00e7a Luis Furtado da Rosa e Rua Angela Santana de Souza.<\/p>\n","protected":false},"excerpt":{"rendered":"<p>O abastecimento em ruas do bairro Corr\u00eaas ser\u00e1 temporariamente interrompido, a partir das 9h desta<\/p>\n","protected":false},"author":2,"featured_media":36365,"comment_status":"open","ping_status":"open","sticky":false,"template":"","format":"standard","meta":{"footnotes":""},"categories":[12],"tags":[],"class_list":["post-100484","post","type-post","status-publish","format-standard","has-post-thumbnail","hentry","category-cidade"],"_links":{"self":[{"href":"https:\/\/tvc16.com\/portal\/wp-json\/wp\/v2\/posts\/100484","targetHints":{"allow":["GET"]}}],"collection":[{"href":"https:\/\/tvc16.com\/portal\/wp-json\/wp\/v2\/posts"}],"about":[{"href":"https:\/\/tvc16.com\/portal\/wp-json\/wp\/v2\/types\/post"}],"author":[{"embeddable":true,"href":"https:\/\/tvc16.com\/portal\/wp-json\/wp\/v2\/users\/2"}],"replies":[{"embeddable":true,"href":"https:\/\/tvc16.com\/portal\/wp-json\/wp\/v2\/comments?post=100484"}],"version-history":[{"count":1,"href":"https:\/\/tvc16.com\/portal\/wp-json\/wp\/v2\/posts\/100484\/revisions"}],"predecessor-version":[{"id":100485,"href":"https:\/\/tvc16.com\/portal\/wp-json\/wp\/v2\/posts\/100484\/revisions\/100485"}],"wp:featuredmedia":[{"embeddable":true,"href":"https:\/\/tvc16.com\/portal\/wp-json\/wp\/v2\/media\/36365"}],"wp:attachment":[{"href":"https:\/\/tvc16.com\/portal\/wp-json\/wp\/v2\/media?parent=100484"}],"wp:term":[{"taxonomy":"category","embeddable":true,"href":"https:\/\/tvc16.com\/portal\/wp-json\/wp\/v2\/categories?post=100484"},{"taxonomy":"post_tag","embeddable":true,"href":"https:\/\/tvc16.com\/portal\/wp-json\/wp\/v2\/tags?post=100484"}],"curies":[{"name":"wp","href":"https:\/\/api.w.org\/{rel}","templated":true}]}}