{"id":100489,"date":"2025-03-12T06:00:00","date_gmt":"2025-03-12T09:00:00","guid":{"rendered":"https:\/\/tvc16.com\/portal\/?p=100489"},"modified":"2025-03-11T11:09:59","modified_gmt":"2025-03-11T14:09:59","slug":"mulheres-de-petropolis-vao-ter-dia-especial-para-cuidar-da-saude-neste-sabado","status":"publish","type":"post","link":"https:\/\/tvc16.com\/portal\/2025\/03\/12\/mulheres-de-petropolis-vao-ter-dia-especial-para-cuidar-da-saude-neste-sabado\/","title":{"rendered":"Mulheres de Petr\u00f3polis v\u00e3o ter dia especial para cuidar da sa\u00fade neste s\u00e1bado"},"content":{"rendered":"\n<p><em> Centro de Sa\u00fade Coletiva e Hospital Alcides Carneiro v\u00e3o oferecer exames gratuitos e at\u00e9 servi\u00e7os de beleza no dia \u201cD\u201d realizado no pr\u00f3ximo s\u00e1bado (15)<\/em><\/p>\n\n\n\n<p>Em comemora\u00e7\u00e3o ao M\u00eas da Mulher, a Secretaria Municipal de Sa\u00fade de Petr\u00f3polis, por meio da \u00c1rea T\u00e9cnica de Sa\u00fade da Mulher, oferece no pr\u00f3ximo s\u00e1bado (15) um dia \u201cD\u201d de servi\u00e7os de sa\u00fade voltados especialmente para elas. O ambulat\u00f3rio do Hospital Alcides Carneiro, em Corr\u00eaas, abriu 60 vagas para consulta de enfermagem com coleta de preventivo, o exame \u201cPapanicolau\u201d. Os atendimentos ser\u00e3o realizados das 8h \u00e0s 15h e o agendamento pode ser feito pelo telefone do hospital (24) 2236-6600, nos ramais 346, 306 e 235.<\/p>\n\n\n\n<p>As mulheres que estiverem no ambulat\u00f3rio do hospital v\u00e3o ter ainda a oportunidade de receber servi\u00e7os de massagem e maquiagem. \u201cEsse \u00e9 um m\u00eas especial e queremos oferecer o melhor para as mulheres de Petr\u00f3polis. Al\u00e9m dos servi\u00e7os de sa\u00fade, disponibilizaremos servi\u00e7os de beleza para elevar a autoestima das mulheres\u201d comentou o prefeito de Petr\u00f3polis, Hingo Hammes.<\/p>\n\n\n\n<p>J\u00e1 o Centro de Sa\u00fade Coletiva Professor Manoel Jos\u00e9 Ferreira, no centro da cidade, vai oferecer 80 vagas para consulta de enfermagem com coleta de preventivo. Haver\u00e1 inclusive uma m\u00e9dica para fazer a inser\u00e7\u00e3o de \u201cDIU\u201d, um dispositivo Intrauterino que \u00e9 um m\u00e9todo anticoncepcional. O servi\u00e7o depende de agendamento pr\u00e9vio pelo planejamento familiar, realizado no pr\u00f3prio local.<\/p>\n\n\n\n<p>O Centro de Sa\u00fade Coletiva tamb\u00e9m vai oferecer orienta\u00e7\u00f5es sobre sa\u00fade da mulher, obesidade e conscientiza\u00e7\u00e3o da preven\u00e7\u00e3o e combate ao c\u00e2ncer colorretal, em alus\u00e3o ao &#8220;Mar\u00e7o Azul Marinho&#8221;. A sala de vacinas estar\u00e1 funcionando de 08h30 \u00e0s 16h30 e tamb\u00e9m haver\u00e1 oferta de mamografia, testagem r\u00e1pida para Infec\u00e7\u00f5es Sexualmente Transmiss\u00edveis e acompanhamento do Bolsa Fam\u00edlia.<\/p>\n\n\n\n<p>Ser\u00e3o oferecidos ainda exames de ultrassonografia de mama e transvaginal para pacientes agendados pela regula\u00e7\u00e3o da Secretaria de Sa\u00fade. Para complementar esse dia especial no Centro de Sa\u00fade, haver\u00e1 uma profissional oferecendo servi\u00e7os de beleza com massagem e designer de sobrancelha.<\/p>\n\n\n\n<p>Ao longo do m\u00eas de mar\u00e7o, as unidades de sa\u00fade do munic\u00edpio de Petr\u00f3polis v\u00e3o oferecer servi\u00e7os com consultas e exames voltados para a sa\u00fade da mulher. \u201cMontamos uma extensa programa\u00e7\u00e3o nesse m\u00eas de mar\u00e7o e colocamos toda nossa equipe voltada para o atendimento \u00e0 mulher\u201d completa o Secret\u00e1rio Municipal de Sa\u00fade, Lu\u00eds Cruzick.<\/p>\n\n\n\n<p>Veja o calend\u00e1rio completo e saiba quando a a\u00e7\u00e3o acontecer\u00e1 no seu bairro:<\/p>\n\n\n\n<p>\u2022 Dia 11\/03 &#8211; ESF Independ\u00eancia<br>\u2022 Dia 12\/03 &#8211; PSF Estrada da Saudade II<br>\u2022 Dia 15\/03 &#8211; PSF DR\u00ba Thouzet, PSF Posse II, PSF Carangola<br>\u2022 Dia 17\/03 &#8211; PSF Vila Felipe<br>\u2022 Dia 20\/03 &#8211; UBS Pedro do Rio e PSF Vila Rica<br>\u2022 Dia 21\/03 &#8211; PSF Estrada da Saudade II<br>\u2022 Dia 22\/03 &#8211; PSF Amazonas, ESF Vale do Carangola, PSF Lajinha, ESF Brejal, PSF Jardim Salvador, PSF Meio da Serra, PSF Castelo S\u00e3o Manoel<br>\u2022 Dia 27\/03 &#8211; PSF Vicenzo Rivetti<br>\u2022 Dia 29\/03 &#8211; PSF Posse III, PSF S\u00e3o Sebasti\u00e3o e ESF 1\u00b0 de Maio<\/p>\n","protected":false},"excerpt":{"rendered":"<p>Centro de Sa\u00fade Coletiva e Hospital Alcides Carneiro v\u00e3o oferecer exames gratuitos e at\u00e9 servi\u00e7os<\/p>\n","protected":false},"author":2,"featured_media":100490,"comment_status":"open","ping_status":"open","sticky":false,"template":"","format":"standard","meta":{"footnotes":""},"categories":[12],"tags":[],"class_list":["post-100489","post","type-post","status-publish","format-standard","has-post-thumbnail","hentry","category-cidade"],"_links":{"self":[{"href":"https:\/\/tvc16.com\/portal\/wp-json\/wp\/v2\/posts\/100489","targetHints":{"allow":["GET"]}}],"collection":[{"href":"https:\/\/tvc16.com\/portal\/wp-json\/wp\/v2\/posts"}],"about":[{"href":"https:\/\/tvc16.com\/portal\/wp-json\/wp\/v2\/types\/post"}],"author":[{"embeddable":true,"href":"https:\/\/tvc16.com\/portal\/wp-json\/wp\/v2\/users\/2"}],"replies":[{"embeddable":true,"href":"https:\/\/tvc16.com\/portal\/wp-json\/wp\/v2\/comments?post=100489"}],"version-history":[{"count":1,"href":"https:\/\/tvc16.com\/portal\/wp-json\/wp\/v2\/posts\/100489\/revisions"}],"predecessor-version":[{"id":100491,"href":"https:\/\/tvc16.com\/portal\/wp-json\/wp\/v2\/posts\/100489\/revisions\/100491"}],"wp:featuredmedia":[{"embeddable":true,"href":"https:\/\/tvc16.com\/portal\/wp-json\/wp\/v2\/media\/100490"}],"wp:attachment":[{"href":"https:\/\/tvc16.com\/portal\/wp-json\/wp\/v2\/media?parent=100489"}],"wp:term":[{"taxonomy":"category","embeddable":true,"href":"https:\/\/tvc16.com\/portal\/wp-json\/wp\/v2\/categories?post=100489"},{"taxonomy":"post_tag","embeddable":true,"href":"https:\/\/tvc16.com\/portal\/wp-json\/wp\/v2\/tags?post=100489"}],"curies":[{"name":"wp","href":"https:\/\/api.w.org\/{rel}","templated":true}]}}