{"id":10049,"date":"2021-01-30T22:11:29","date_gmt":"2021-01-31T01:11:29","guid":{"rendered":"https:\/\/tvc16.com\/portal\/?p=10049"},"modified":"2021-01-30T22:11:31","modified_gmt":"2021-01-31T01:11:31","slug":"em-nova-iguacu-vacinacao-para-idosos-a-partir-de-80-anos-comeca-na-proxima-segunda-feira-e-sera-realizada-em-tres-etapas","status":"publish","type":"post","link":"https:\/\/tvc16.com\/portal\/2021\/01\/30\/em-nova-iguacu-vacinacao-para-idosos-a-partir-de-80-anos-comeca-na-proxima-segunda-feira-e-sera-realizada-em-tres-etapas\/","title":{"rendered":"Em Nova Igua\u00e7u, vacina\u00e7\u00e3o para idosos, a partir de 80 anos, come\u00e7a na pr\u00f3xima segunda-feira \u00e9 ser\u00e1 realizada em tr\u00eas etapas"},"content":{"rendered":"\n<p>Fevereiro ser\u00e1 o m\u00eas de vacina\u00e7\u00e3o dos idosos contra Covid-19 em Nova Igua\u00e7u. A Secretaria Municipal de Sa\u00fade (SEMUS) anunciou que pessoas acima de 80 anos come\u00e7ar\u00e3o a ser imunizadas j\u00e1 a partir desta segunda-feira (1\u00ba). Para evitar aglomera\u00e7\u00e3o, elas ser\u00e3o divididas por faixa et\u00e1ria e cada grupo ser\u00e1 atendido em uma semana pr\u00e9-determinada.<\/p>\n\n\n\n<p>Para isso, oito pontos de vacina\u00e7\u00e3o estar\u00e3o dispon\u00edveis para o p\u00fablico-alvo, entre eles o Centro Ol\u00edmpico, onde o atendimento ser\u00e1 no sistema drive thru, sem que o idoso necessite desembarcar do ve\u00edculo, e o Espa\u00e7o Municipal da Terceira Idade (ESMUTI), ambos exclusivos para o atendimento aos idosos. Haver\u00e1 vacina\u00e7\u00e3o tamb\u00e9m nas Unidades B\u00e1sicas de Sa\u00fade de Para\u00edso, Vila de Cava e Austin, na Policl\u00ednica de Miguel Couto e nas Cl\u00ednicas da Fam\u00edlia Odiceia Morais, no Centro, e Emilia Gomes, em Comendador Soares, onde profissionais da sa\u00fade com 60 anos ou mais  tamb\u00e9m ser\u00e3o imunizados.  <\/p>\n\n\n\n<p>Entre os dias 1\u00ba e 5 de fevereiro, ser\u00e3o imunizadas pessoas com 95 anos ou mais. Na semana seguinte, de 8 a 12, idosos entre 90 a 94 anos. Na terceira semana (15 a 19), ser\u00e1 a vez daqueles entre 85 e 89 anos. A \u00faltima semana de fevereiro ser\u00e1 para quem tem idade de 80 a 84 anos. O atendimento ser\u00e1 das 8h30 \u00e0s 16h, e o idoso dever\u00e1 apresentar carteira de identidade, CPF e cart\u00e3o SUS.<\/p>\n\n\n\n<p>\u201cEstamos iniciando a vacina\u00e7\u00e3o da popula\u00e7\u00e3o pelos idosos, que s\u00e3o o grupo de maior risco. \u00c9 importante ressaltar que ainda n\u00e3o h\u00e1 vacina para toda a popula\u00e7\u00e3o. \u00c9 preciso que pessoas de outras faixas et\u00e1rias compreendam e esperem. Nem mesmo aquelas que acompanharem os idosos na vacina\u00e7\u00e3o poder\u00e3o ser imunizadas. Elas dever\u00e3o aguardar as pr\u00f3ximas fases da campanha\u201d, esclarece o prefeito de Nova Igua\u00e7u, Rogerio Lisboa, que orienta os idosos que ser\u00e3o atendidos no sistema drive thru a estarem no banco do carona (ao lado do motorista) e tamb\u00e9m que todos estejam com os documentos em m\u00e3os para facilitar e dar agilidade \u00e0 vacina\u00e7\u00e3o.<\/p>\n\n\n\n<p><\/p>\n\n\n\n<figure class=\"wp-block-image size-large\"><img decoding=\"async\" src=\"https:\/\/tvc16.com\/portal\/wp-content\/uploads\/2021\/01\/img-9399-1024x683.jpg\" alt=\"\" class=\"wp-image-10051\"\/><\/figure>\n\n\n\n<p><strong>Imuniza\u00e7\u00e3o dos profissionais da sa\u00fade continua<br><\/strong><br>A SEMUS segue vacinando contra a Covid-19 os profissionais da sa\u00fade. Tamb\u00e9m a partir desta segunda-feira (1\u2070), ser\u00e3o priorizados aqueles com 60 anos ou mais. O atendimento para este p\u00fablico acontece at\u00e9 quinta-feira (4), das 8h30 \u00e0s 16h, em seis unidades de sa\u00fade.<\/p>\n\n\n\n<p>Poder\u00e3o ser vacinados m\u00e9dicos, enfermeiros, nutricionistas, fisioterapeutas, terapeutas ocupacionais, bi\u00f3logos, biom\u00e9dicos, farmac\u00eauticos, odont\u00f3logos, fonoaudi\u00f3logos, psic\u00f3logos, assistentes sociais, m\u00e9dicos veterin\u00e1rios, t\u00e9cnicos de laborat\u00f3rio, t\u00e9cnicos e auxiliares de enfermagem, t\u00e9cnicos de radiologia, t\u00e9cnicos de higiene bucal. Para isso, os profissionais precisar\u00e3o apresentar a carteira de seus conselhos dentro da validade e que, portanto, estejam aptos a desempenhar suas fun\u00e7\u00f5es profissionais.<\/p>\n\n\n\n<p>Quem n\u00e3o tiver mais carteira do conselho ativa, seja por aposentadoria ou outro motivo, dever\u00e1 aguardar a abertura da vacina\u00e7\u00e3o para os demais grupos priorit\u00e1rios. Caso a carteira do conselho de classe n\u00e3o possua validade, o profissional de sa\u00fade deve acessar o portal de seu Conselho de Classe e baixar comprovante de inscri\u00e7\u00e3o ATIVA. Para as categorias que n\u00e3o tenham conselho, \u00e9 preciso apresentar comprovante de vincula\u00e7\u00e3o profissional.<\/p>\n\n\n\n<p><strong>CONFIRA OS POSTOS EXCLUSIVOS PARA VACINAR IDOSOS ACIMA DE 80 ANOS (CONFORME CRONOGRAMA)<\/strong><strong><br>DRIVE THRU \u2013 CENTRO OL\u00cdMPICO DE NOVA IGUA\u00c7U<br><\/strong><br>Avenida Governador Roberto da Silveira, 1725, Centro.<\/p>\n\n\n\n<p>Refer\u00eancia: Pr\u00f3ximo ao Viaduto da Posse.<\/p>\n\n\n\n<p><strong>ESPA\u00c7O MUNICIPAL DA TERCEIRA IDADE DE NOVA IGUA\u00c7U (ESMUTI)<br><\/strong><br>Avenida Lu\u00eds de Matos, 736 \u2013 Bairro da Luz.<\/p>\n\n\n\n<p><strong>POSTOS DE VACINA\u00c7\u00c3O PARA PROFISSIONAIS DE SA\u00daDE MAIORES DE 60 ANOS E IDOSOS ACIMA DE 80 (CONFORME CRONOGRAMA)<br>UNIDADE B\u00c1SICA DO PARA\u00cdSO<br><\/strong><br>Rua Ing\u00e1 s\/n\u00ba \u2013 Jardim Para\u00edso<\/p>\n\n\n\n<p>Refer\u00eancia: UPA 24 Horas Arquiteta Patr\u00edcia Marinho<\/p>\n\n\n\n<p><strong>UNIDADE BASICA DE SAUDE DE VILA DE CAVA<br><\/strong><br>Rua \u00c1lvaro Gon\u00e7alves, 103 \u2013 Vila de Cava<\/p>\n\n\n\n<p>Refer\u00eancia: UPA 24 Horas Gisele Palhares Gouv\u00eaa<\/p>\n\n\n\n<p><strong>POLICL\u00cdNICA DE MIGUEL COUTO<br><\/strong><br>Rua Digomar Sim\u00f5es e Souza, 50 \u2013 Miguel Couto<\/p>\n\n\n\n<p>Refer\u00eancia: UPA 24 Horas Carlinhos da Tingu\u00e1 \u2013 Miguel Couto<\/p>\n\n\n\n<p><strong>UNIDADE B\u00c1SICA DE SAUDE DE AUSTIN<br><\/strong><br>Rua Coronel Monteiro de Barros, 783 \u2013 Austin<\/p>\n\n\n\n<p>Refer\u00eancia: UPS 24 Horas Dr. Moacyr de Carvalho \u2013 Austin<\/p>\n\n\n\n<p><strong>CL\u00cdNICA DA FAM\u00cdLIA ODICEIA MORAIS<br><\/strong><br>Rua Bol\u00edvia, s\/n\u00ba \u2013 Centro<\/p>\n\n\n\n<p><strong>CL\u00cdNICA DA FAM\u00cdLIA EMILIA GOMES<br><\/strong><br>Rua dos Quart\u00e9is, 221 \u2013 Comendador Soares<\/p>\n\n\n\n<p>Refer\u00eancia: UPA 24 Horas Comendador Soares \u2013 Comendador Soares<\/p>\n\n\n\n<p>Fotos: Renato Fonseca &#8211; PMNI<\/p>\n","protected":false},"excerpt":{"rendered":"<p>Fevereiro ser\u00e1 o m\u00eas de vacina\u00e7\u00e3o dos idosos contra Covid-19 em Nova Igua\u00e7u. A Secretaria<\/p>\n","protected":false},"author":2,"featured_media":10050,"comment_status":"open","ping_status":"open","sticky":false,"template":"","format":"standard","meta":{"footnotes":""},"categories":[17],"tags":[],"class_list":["post-10049","post","type-post","status-publish","format-standard","has-post-thumbnail","hentry","category-outras-noticias"],"_links":{"self":[{"href":"https:\/\/tvc16.com\/portal\/wp-json\/wp\/v2\/posts\/10049","targetHints":{"allow":["GET"]}}],"collection":[{"href":"https:\/\/tvc16.com\/portal\/wp-json\/wp\/v2\/posts"}],"about":[{"href":"https:\/\/tvc16.com\/portal\/wp-json\/wp\/v2\/types\/post"}],"author":[{"embeddable":true,"href":"https:\/\/tvc16.com\/portal\/wp-json\/wp\/v2\/users\/2"}],"replies":[{"embeddable":true,"href":"https:\/\/tvc16.com\/portal\/wp-json\/wp\/v2\/comments?post=10049"}],"version-history":[{"count":1,"href":"https:\/\/tvc16.com\/portal\/wp-json\/wp\/v2\/posts\/10049\/revisions"}],"predecessor-version":[{"id":10052,"href":"https:\/\/tvc16.com\/portal\/wp-json\/wp\/v2\/posts\/10049\/revisions\/10052"}],"wp:featuredmedia":[{"embeddable":true,"href":"https:\/\/tvc16.com\/portal\/wp-json\/wp\/v2\/media\/10050"}],"wp:attachment":[{"href":"https:\/\/tvc16.com\/portal\/wp-json\/wp\/v2\/media?parent=10049"}],"wp:term":[{"taxonomy":"category","embeddable":true,"href":"https:\/\/tvc16.com\/portal\/wp-json\/wp\/v2\/categories?post=10049"},{"taxonomy":"post_tag","embeddable":true,"href":"https:\/\/tvc16.com\/portal\/wp-json\/wp\/v2\/tags?post=10049"}],"curies":[{"name":"wp","href":"https:\/\/api.w.org\/{rel}","templated":true}]}}