{"id":100497,"date":"2025-03-11T11:34:00","date_gmt":"2025-03-11T14:34:00","guid":{"rendered":"https:\/\/tvc16.com\/portal\/?p=100497"},"modified":"2025-03-11T11:35:39","modified_gmt":"2025-03-11T14:35:39","slug":"firjan-sesi-vai-reativar-ginasio-de-nova-friburgo-em-parceria-com-a-confederacao-brasileira-de-basketball","status":"publish","type":"post","link":"https:\/\/tvc16.com\/portal\/2025\/03\/11\/firjan-sesi-vai-reativar-ginasio-de-nova-friburgo-em-parceria-com-a-confederacao-brasileira-de-basketball\/","title":{"rendered":"Firjan SESI vai reativar gin\u00e1sio de Nova Friburgo em parceria com a Confedera\u00e7\u00e3o Brasileira de Basketball"},"content":{"rendered":"\n<p><em>Espa\u00e7o ser\u00e1 reformado para atender a projetos sociais para crian\u00e7as e jovens. Objetivo \u00e9 que tamb\u00e9m receba treinos e jogos da sele\u00e7\u00e3o brasileira<\/em><\/p>\n\n\n\n<p><\/p>\n\n\n\n<p>A&nbsp;<strong>Firjan SESI anunciou nesta ter\u00e7a-feira, 11\/3<\/strong>, a reforma do&nbsp;<strong>Gin\u00e1sio da Firjan SESI Esportivo Frederico Sichel<\/strong>, em Nova Friburgo. O investimento de R$ 6,5 milh\u00f5es visa modernizar o equipamento esportivo e otimizar o seu uso, viabilizando pr\u00e1ticas esportivas e a implementa\u00e7\u00e3o de projetos sociais em parceria com empresas e poder p\u00fablico. Na ocasi\u00e3o,&nbsp;<strong>foi assinado acordo com a Confedera\u00e7\u00e3o Brasileira de Basketball (CBB)<\/strong>, que contribuir\u00e1 para a operacionaliza\u00e7\u00e3o e manuten\u00e7\u00e3o do espa\u00e7o. &nbsp;A parceria ser\u00e1 por 10 anos, com possibilidade de prorroga\u00e7\u00e3o.<\/p>\n\n\n\n<p>Na primeira fase, a Firjan SESI far\u00e1 a reforma, que inclui piso e cobertura projetada sobre a quadra, vesti\u00e1rios, banheiros, posto m\u00e9dico, marca\u00e7\u00e3o de assentos na arquibancada, com capacidade para 3.500 espectadores, e adapta\u00e7\u00e3o para acessibilidade. Depois, caber\u00e1 \u00e0 CBB investimentos complementares para deixar o gin\u00e1sio no padr\u00e3o para ser um centro de treinamento de atletas de alto rendimento e local de jogos oficiais.<\/p>\n\n\n\n<p>\u201cEsse gin\u00e1sio \u00e9 um legado da Firjan SESI para a cidade, ser\u00e1 um espa\u00e7o em que realizaremos projetos sociais que falam diretamente com a miss\u00e3o do SESI de promo\u00e7\u00e3o de sa\u00fade e bem-estar. \u00c9 uma honra ter a CBB conosco nessa jornada\u201d, afirmou o&nbsp;<strong>presidente da Firjan, Luiz C\u00e9sio Caetano<\/strong>, na cerim\u00f4nia, que aconteceu na Firjan SENAI Espa\u00e7o da Moda. \u201cAs escolinhas de basquete s\u00e3o uma das frentes dessa parceria com a Confedera\u00e7\u00e3o, que dar\u00e1 nova vida ao gin\u00e1sio, transformando-o numa arena multiuso\u201d, completou&nbsp;<strong>Alexandre dos Reis, diretor executivo Firjan SENAI SESI.&nbsp;<\/strong><\/p>\n\n\n\n<p><strong>Centro de Forma\u00e7\u00e3o<\/strong><\/p>\n\n\n\n<p>\u201cEstamos construindo um legado que perdurar\u00e1 por muitos anos e far\u00e1 a diferen\u00e7a na vida de muitas pessoas. Com isso, reafirmamos nosso compromisso com o desenvolvimento, com o esporte, com a educa\u00e7\u00e3o e com o futuro\u201d, destacou a&nbsp;<strong>presidente da Firjan Centro-Norte, a empres\u00e1ria M\u00e1rcia Carestiato,<\/strong>&nbsp;uma grande entusiasta do projeto. \u201cA parceria com a Firjan SESI formaliza a realiza\u00e7\u00e3o de um sonho: do basquete ter um Centro de Excel\u00eancia e Forma\u00e7\u00e3o. \u00c9 o come\u00e7o de um projeto muito maior e que temos certeza, colher\u00e1 muitos frutos para a modalidade no pa\u00eds\u201d, comemorou&nbsp;<strong>Marcelo Sousa, presidente da CBB.&nbsp;<\/strong><\/p>\n\n\n\n<p>O&nbsp;<strong>prefeito de Nova Friburgo, Johnny Maycon<\/strong>, destaca que essa uni\u00e3o vai ampliar as oportunidades e gerar frutos para o esporte na cidade: \u201cA gente n\u00e3o tem ideia e dimens\u00e3o do quanto essa parceria transformar\u00e1 vidas, principalmente, das crian\u00e7as. Ser\u00e3o gerados muitos frutos e colheremos grandes resultados com esse marco\u201d, acrescentou.<\/p>\n\n\n\n<p>Os pr\u00f3ximos passos s\u00e3o concluir o projeto executivo, elaborar especifica\u00e7\u00e3o t\u00e9cnica e or\u00e7amento e licitar a obra.<\/p>\n","protected":false},"excerpt":{"rendered":"<p>Espa\u00e7o ser\u00e1 reformado para atender a projetos sociais para crian\u00e7as e jovens. Objetivo \u00e9 que<\/p>\n","protected":false},"author":2,"featured_media":100498,"comment_status":"open","ping_status":"open","sticky":false,"template":"","format":"standard","meta":{"footnotes":""},"categories":[17],"tags":[],"class_list":["post-100497","post","type-post","status-publish","format-standard","has-post-thumbnail","hentry","category-outras-noticias"],"_links":{"self":[{"href":"https:\/\/tvc16.com\/portal\/wp-json\/wp\/v2\/posts\/100497","targetHints":{"allow":["GET"]}}],"collection":[{"href":"https:\/\/tvc16.com\/portal\/wp-json\/wp\/v2\/posts"}],"about":[{"href":"https:\/\/tvc16.com\/portal\/wp-json\/wp\/v2\/types\/post"}],"author":[{"embeddable":true,"href":"https:\/\/tvc16.com\/portal\/wp-json\/wp\/v2\/users\/2"}],"replies":[{"embeddable":true,"href":"https:\/\/tvc16.com\/portal\/wp-json\/wp\/v2\/comments?post=100497"}],"version-history":[{"count":1,"href":"https:\/\/tvc16.com\/portal\/wp-json\/wp\/v2\/posts\/100497\/revisions"}],"predecessor-version":[{"id":100499,"href":"https:\/\/tvc16.com\/portal\/wp-json\/wp\/v2\/posts\/100497\/revisions\/100499"}],"wp:featuredmedia":[{"embeddable":true,"href":"https:\/\/tvc16.com\/portal\/wp-json\/wp\/v2\/media\/100498"}],"wp:attachment":[{"href":"https:\/\/tvc16.com\/portal\/wp-json\/wp\/v2\/media?parent=100497"}],"wp:term":[{"taxonomy":"category","embeddable":true,"href":"https:\/\/tvc16.com\/portal\/wp-json\/wp\/v2\/categories?post=100497"},{"taxonomy":"post_tag","embeddable":true,"href":"https:\/\/tvc16.com\/portal\/wp-json\/wp\/v2\/tags?post=100497"}],"curies":[{"name":"wp","href":"https:\/\/api.w.org\/{rel}","templated":true}]}}