{"id":100505,"date":"2025-03-11T11:43:27","date_gmt":"2025-03-11T14:43:27","guid":{"rendered":"https:\/\/tvc16.com\/portal\/?p=100505"},"modified":"2025-03-11T11:43:30","modified_gmt":"2025-03-11T14:43:30","slug":"anac-suspende-operacoes-aereas-da-voepass","status":"publish","type":"post","link":"https:\/\/tvc16.com\/portal\/2025\/03\/11\/anac-suspende-operacoes-aereas-da-voepass\/","title":{"rendered":"Anac suspende opera\u00e7\u00f5es a\u00e9reas da Voepass"},"content":{"rendered":"\n<p><em>Decis\u00e3o foi tomada em car\u00e1ter cautelar<\/em><\/p>\n\n\n\n<p>Por Paula Laboissi\u00e8re &#8211; Rep\u00f3rter da Ag\u00eancia Brasil \/ Foto: Paulo Pinto\/Ag\u00eancia Brasil<\/p>\n\n\n\n<p><\/p>\n\n\n\n<p>A Ag\u00eancia Nacional de Avia\u00e7\u00e3o Civil (Anac) suspendeu, a partir desta ter\u00e7a-feira (11), as opera\u00e7\u00f5es a\u00e9reas da Voepass, formada pela Passaredo Transportes A\u00e9reos e pela Map Linhas A\u00e9reas.<img decoding=\"async\" src=\"https:\/\/agenciabrasil.ebc.com.br\/ebc.png?id=1634054&amp;o=node\"><img decoding=\"async\" src=\"https:\/\/agenciabrasil.ebc.com.br\/ebc.gif?id=1634054&amp;o=node\"><\/p>\n\n\n\n<p>A decis\u00e3o, segundo a ag\u00eancia, foi tomada em car\u00e1ter cautelar. \u201cA suspens\u00e3o vigorar\u00e1 at\u00e9 que se comprove a corre\u00e7\u00e3o de n\u00e3o conformidades relacionadas aos sistemas de gest\u00e3o da empresa previstos em regulamentos\u201d.<\/p>\n\n\n\n<p>Em nota, a Anac informou que passageiros atingidos pelo cancelamento de voos da Voepass devem procurar a empresa ou a ag\u00eancia de viagem respons\u00e1vel pela venda do bilhete para reembolso ou reacomoda\u00e7\u00e3o em outras companhias.<\/p>\n\n\n\n<p>De acordo com o comunicado, a Voepass conta atualmente com seis aeronaves e as opera\u00e7\u00f5es da companhia incluem 15 localidades com voos comerciais e duas com contratos de fretamento.<\/p>\n\n\n\n<p>\u201cA decis\u00e3o da Anac decorre da incapacidade da Voepass em solucionar irregularidades identificadas no curso da supervis\u00e3o realizada pela ag\u00eancia, bem como da viola\u00e7\u00e3o das condicionantes estabelecidas anteriormente para a continuidade da opera\u00e7\u00e3o dentro dos padr\u00f5es de seguran\u00e7a exigidos.\u201d<\/p>\n\n\n\n<h2 class=\"wp-block-heading\">Entenda<\/h2>\n\n\n\n<p>No dia 9 de agosto de 2024, um&nbsp;<a href=\"https:\/\/agenciabrasil.ebc.com.br\/geral\/noticia\/2024-08\/aviao-da-voepass-com-58-passageiros-e-4-tripulantes-cai-em-vinhedo-sp\" target=\"_blank\" rel=\"noreferrer noopener\">avi\u00e3o da Voepass caiu na cidade de Vinhedo<\/a>&nbsp;(SP), matando 62 pessoas. Desde o acidente, segundo a Anac, foi implantada uma opera\u00e7\u00e3o assistida de fiscaliza\u00e7\u00e3o nas instala\u00e7\u00f5es da companhia.<\/p>\n\n\n\n<p>\u201cServidores da ag\u00eancia estiveram presentes nas bases de opera\u00e7\u00e3o e manuten\u00e7\u00e3o da empresa para verificar as condi\u00e7\u00f5es necess\u00e1rias \u00e0&nbsp;garantia do n\u00edvel adequado de seguran\u00e7a das opera\u00e7\u00f5es.\u201d<\/p>\n\n\n\n<p>Em outubro de 2024, a Anac passou a cobrar da Voepass medidas como redu\u00e7\u00e3o da malha, aumento do tempo em&nbsp;solo das aeronaves para manuten\u00e7\u00e3o, troca de administradores e execu\u00e7\u00e3o do plano de a\u00e7\u00e3o&nbsp;para&nbsp;corre\u00e7\u00f5es das irregularidades.<\/p>\n\n\n\n<p>\u201cNo final de fevereiro de 2025, ap\u00f3s nova rodada de auditorias, foi identificada a degrada\u00e7\u00e3o da efici\u00eancia do sistema de gest\u00e3o da empresa em rela\u00e7\u00e3o \u00e0s atividades monitoradas e o descumprimento sistem\u00e1tico das exig\u00eancias feitas pela ag\u00eancia.\u201d<\/p>\n\n\n\n<p>Foi constatada ainda, segundo a Anac, a reincid\u00eancia de irregularidades apontadas e consideradas sanadas pela ag\u00eancia em a\u00e7\u00f5es de vigil\u00e2ncia e fiscaliza\u00e7\u00e3o anteriores, al\u00e9m da falta de efetividade do plano de a\u00e7\u00f5es corretivas.<\/p>\n\n\n\n<p>\u201cOcorreu, assim, uma quebra de confian\u00e7a em rela\u00e7\u00e3o aos processos internos da empresa devido a evid\u00eancias de que os sistemas da Voepass perderam a capacidade de dar respostas \u00e0 identifica\u00e7\u00e3o e corre\u00e7\u00e3o de riscos da opera\u00e7\u00e3o a\u00e9rea.\u201d<\/p>\n\n\n\n<p>\u201cDessa forma, a Anac determinou a suspens\u00e3o das opera\u00e7\u00f5es da empresa at\u00e9 que seja evidenciada a retomada de sua capacidade de garantir o n\u00edvel de seguran\u00e7a previsto nos regulamentos vigentes\u201d, concluiu a ag\u00eancia.<\/p>\n\n\n\n<h2 class=\"wp-block-heading\">Repercuss\u00e3o<\/h2>\n\n\n\n<p>O Minist\u00e9rio de Portos e Aeroportos classificou como acertada a decis\u00e3o da Anac de suspender as opera\u00e7\u00f5es a\u00e9reas da Voepass. Em nota, a pasta informou que vinha acompanhando o processo h\u00e1 alguns meses.<\/p>\n\n\n\n<p>\u201cA medida cautelar visa, de forma tempor\u00e1ria, solicitar que a empresa a\u00e9rea melhore sua governan\u00e7a e fortale\u00e7a ainda mais a seguran\u00e7a dos voos no pa\u00eds\u201d, destacou o minist\u00e9rio no comunicado.<br><\/p>\n","protected":false},"excerpt":{"rendered":"<p>Decis\u00e3o foi tomada em car\u00e1ter cautelar Por Paula Laboissi\u00e8re &#8211; Rep\u00f3rter da Ag\u00eancia Brasil \/<\/p>\n","protected":false},"author":2,"featured_media":100506,"comment_status":"open","ping_status":"open","sticky":false,"template":"","format":"standard","meta":{"footnotes":""},"categories":[17],"tags":[],"class_list":["post-100505","post","type-post","status-publish","format-standard","has-post-thumbnail","hentry","category-outras-noticias"],"_links":{"self":[{"href":"https:\/\/tvc16.com\/portal\/wp-json\/wp\/v2\/posts\/100505","targetHints":{"allow":["GET"]}}],"collection":[{"href":"https:\/\/tvc16.com\/portal\/wp-json\/wp\/v2\/posts"}],"about":[{"href":"https:\/\/tvc16.com\/portal\/wp-json\/wp\/v2\/types\/post"}],"author":[{"embeddable":true,"href":"https:\/\/tvc16.com\/portal\/wp-json\/wp\/v2\/users\/2"}],"replies":[{"embeddable":true,"href":"https:\/\/tvc16.com\/portal\/wp-json\/wp\/v2\/comments?post=100505"}],"version-history":[{"count":1,"href":"https:\/\/tvc16.com\/portal\/wp-json\/wp\/v2\/posts\/100505\/revisions"}],"predecessor-version":[{"id":100507,"href":"https:\/\/tvc16.com\/portal\/wp-json\/wp\/v2\/posts\/100505\/revisions\/100507"}],"wp:featuredmedia":[{"embeddable":true,"href":"https:\/\/tvc16.com\/portal\/wp-json\/wp\/v2\/media\/100506"}],"wp:attachment":[{"href":"https:\/\/tvc16.com\/portal\/wp-json\/wp\/v2\/media?parent=100505"}],"wp:term":[{"taxonomy":"category","embeddable":true,"href":"https:\/\/tvc16.com\/portal\/wp-json\/wp\/v2\/categories?post=100505"},{"taxonomy":"post_tag","embeddable":true,"href":"https:\/\/tvc16.com\/portal\/wp-json\/wp\/v2\/tags?post=100505"}],"curies":[{"name":"wp","href":"https:\/\/api.w.org\/{rel}","templated":true}]}}