{"id":100508,"date":"2025-03-11T11:47:15","date_gmt":"2025-03-11T14:47:15","guid":{"rendered":"https:\/\/tvc16.com\/portal\/?p=100508"},"modified":"2025-03-11T14:36:07","modified_gmt":"2025-03-11T17:36:07","slug":"homem-e-preso-por-estupro-de-vulneravel-em-teresopolis-3","status":"publish","type":"post","link":"https:\/\/tvc16.com\/portal\/2025\/03\/11\/homem-e-preso-por-estupro-de-vulneravel-em-teresopolis-3\/","title":{"rendered":"Homem \u00e9 preso por estupro de vulner\u00e1vel em Teres\u00f3polis"},"content":{"rendered":"\n<p>Policiais civis da 110\u00aa DP (Teres\u00f3polis) prenderam, nesta segunda-feira (10\/03), um homem por estupro de vulner\u00e1vel contra uma crian\u00e7a de 10 anos. O autor foi localizado e capturado em Teres\u00f3polis, na Regi\u00e3o Serrana, ap\u00f3s trabalho de intelig\u00eancia e monitoramento. A a\u00e7\u00e3o contou com apoio da Pol\u00edcia Militar.<\/p>\n\n\n\n<p>De acordo com as investiga\u00e7\u00f5es, a v\u00edtima na \u00e9poca tinha apenas 10 anos e era vizinha do autor. Ele praticou o crime por mais de 14 anos, de forma cont\u00ednua, em uma resid\u00eancia no bairro Batume.<\/p>\n\n\n\n<p>Diante dos fatos, os agentes cumpriram um mandado de pris\u00e3o condenat\u00f3ria contra o autor.<\/p>\n","protected":false},"excerpt":{"rendered":"<p>Policiais civis da 110\u00aa DP (Teres\u00f3polis) prenderam, nesta segunda-feira (10\/03), um homem por estupro de<\/p>\n","protected":false},"author":2,"featured_media":96130,"comment_status":"open","ping_status":"open","sticky":false,"template":"","format":"standard","meta":{"footnotes":""},"categories":[17],"tags":[],"class_list":["post-100508","post","type-post","status-publish","format-standard","has-post-thumbnail","hentry","category-outras-noticias"],"_links":{"self":[{"href":"https:\/\/tvc16.com\/portal\/wp-json\/wp\/v2\/posts\/100508","targetHints":{"allow":["GET"]}}],"collection":[{"href":"https:\/\/tvc16.com\/portal\/wp-json\/wp\/v2\/posts"}],"about":[{"href":"https:\/\/tvc16.com\/portal\/wp-json\/wp\/v2\/types\/post"}],"author":[{"embeddable":true,"href":"https:\/\/tvc16.com\/portal\/wp-json\/wp\/v2\/users\/2"}],"replies":[{"embeddable":true,"href":"https:\/\/tvc16.com\/portal\/wp-json\/wp\/v2\/comments?post=100508"}],"version-history":[{"count":2,"href":"https:\/\/tvc16.com\/portal\/wp-json\/wp\/v2\/posts\/100508\/revisions"}],"predecessor-version":[{"id":100529,"href":"https:\/\/tvc16.com\/portal\/wp-json\/wp\/v2\/posts\/100508\/revisions\/100529"}],"wp:featuredmedia":[{"embeddable":true,"href":"https:\/\/tvc16.com\/portal\/wp-json\/wp\/v2\/media\/96130"}],"wp:attachment":[{"href":"https:\/\/tvc16.com\/portal\/wp-json\/wp\/v2\/media?parent=100508"}],"wp:term":[{"taxonomy":"category","embeddable":true,"href":"https:\/\/tvc16.com\/portal\/wp-json\/wp\/v2\/categories?post=100508"},{"taxonomy":"post_tag","embeddable":true,"href":"https:\/\/tvc16.com\/portal\/wp-json\/wp\/v2\/tags?post=100508"}],"curies":[{"name":"wp","href":"https:\/\/api.w.org\/{rel}","templated":true}]}}