{"id":100518,"date":"2025-03-12T05:00:00","date_gmt":"2025-03-12T08:00:00","guid":{"rendered":"https:\/\/tvc16.com\/portal\/?p=100518"},"modified":"2025-03-11T13:24:44","modified_gmt":"2025-03-11T16:24:44","slug":"pequena-tribo-inicia-novo-ciclo-em-2025-e-fortalece-inteligencia-emocional-em-escola-no-bela-vista","status":"publish","type":"post","link":"https:\/\/tvc16.com\/portal\/2025\/03\/12\/pequena-tribo-inicia-novo-ciclo-em-2025-e-fortalece-inteligencia-emocional-em-escola-no-bela-vista\/","title":{"rendered":"Pequena Tribo inicia novo ciclo em 2025 e fortalece intelig\u00eancia emocional em escola no Bela Vista"},"content":{"rendered":"\n<p>Projeto social est\u00e1 alinhado com pesquisa global que mostra que 61% das fam\u00edlias preferem escolas com ensino socioemocional<\/p>\n\n\n\n<p>O projeto social Pequena Tribo inicia o ano letivo de 2025 com a miss\u00e3o renovada: transformar a vida de crian\u00e7as atrav\u00e9s da cultura ancestral, do autoconhecimento e da intelig\u00eancia emocional. A valoriza\u00e7\u00e3o desse tipo de aprendizado tem ganhado for\u00e7a mundialmente. Uma pesquisa global sobre intelig\u00eancia emocional no ambiente escolar, divulgada em fevereiro deste ano, pelo Center for Education, dos Estados Unidos, revelou que 61% das fam\u00edlias entrevistadas consideram essencial o ensino socioemocional nas escolas. \u00c9 nesse contexto que o Pequena Tribo inicia mais um ciclo de atividades, promovendo experi\u00eancias educativas que estimulam a conex\u00e3o emocional e o desenvolvimento integral das crian\u00e7as.<\/p>\n\n\n\n<p>A partir do dia 10 de mar\u00e7o, tr\u00eas turmas come\u00e7am as atividades na Escola Paroquial S\u00e3o Francisco de Assis, no bairro Bela Vista, no Itamarati. S\u00e3o 100 crian\u00e7as de 6 a 10 anos, que ter\u00e3o a oportunidade de vivenciar uma abordagem educacional inovadora e profundamente conectada com a cultura e tradi\u00e7\u00f5es dos povos origin\u00e1rios e o desenvolvimento socioemocional.<\/p>\n\n\n\n<p>A import\u00e2ncia do trabalho do Pequena Tribo em Petr\u00f3polis se alinha a essa pesquisa global, conduzida entre 2022 e 2023 e realizada em 16 pa\u00edses como Brasil, Estados Unidos, Inglaterra e \u00cdndia. O estudo mostra que fam\u00edlias, educadores e estudantes reconhecem o impacto positivo do ensino socioemocional na forma\u00e7\u00e3o de crian\u00e7as mais conscientes, resilientes e preparadas para os desafios da vida. E \u00e9 exatamente esse prop\u00f3sito que move o Pequena Tribo.<\/p>\n\n\n\n<p>\u201cNosso projeto vai al\u00e9m do ensino convencional. Criamos um espa\u00e7o onde as crian\u00e7as aprendem a perceber e lidar com seus sentimentos, a entender o outro e a se conectar consigo mesmas. Essas s\u00e3o habilidades que fazem toda a diferen\u00e7a na vida adulta\u201d, afirma Rodrigo Ribas, coordenador do projeto.<\/p>\n\n\n\n<p>Por meio de oficinas l\u00fadicas e sensoriais, os pequenos entram em contato com ritmos, sons, movimentos e hist\u00f3rias ancestrais que estimulam a criatividade, a autoestima e a intelig\u00eancia emocional. Desde pr\u00e1ticas de respira\u00e7\u00e3o consciente at\u00e9 viv\u00eancias sonoras e express\u00f5es art\u00edsticas, cada atividade \u00e9 pensada para fortalecer o equil\u00edbrio emocional e o bem-estar das crian\u00e7as.<\/p>\n\n\n\n<p>Para Jonas Masetti, idealizador do Pequena Tribo, o projeto tamb\u00e9m tem um papel fundamental na preserva\u00e7\u00e3o cultural e no resgate de saberes ancestrais. \u201c\u00c9 essencial que essas crian\u00e7as cres\u00e7am com refer\u00eancias ricas e diversas. A conex\u00e3o com a cultura dos povos origin\u00e1rios amplia a vis\u00e3o de mundo e promove um aprendizado que vai muito al\u00e9m dos livros. Estamos preparando esses jovens para a vida, com consci\u00eancia e pertencimento\u201d, destaca.<\/p>\n\n\n\n<p>O Pequena Tribo se consolida, assim, como um espa\u00e7o onde a educa\u00e7\u00e3o se expande para al\u00e9m das disciplinas tradicionais, promovendo o desenvolvimento integral das crian\u00e7as. Em um mundo cada vez mais exigente e veloz, iniciativas como essa provam que ensinar emo\u00e7\u00f5es e valores \u00e9 t\u00e3o importante quanto ensinar n\u00fameros e letras.<\/p>\n\n\n\n<p>Para acompanhar essa jornada de transforma\u00e7\u00e3o, basta seguir o Instagram @pequenatribo.<\/p>\n\n\n\n<p>Foto: divulga\u00e7\u00e3o <\/p>\n","protected":false},"excerpt":{"rendered":"<p>Projeto social est\u00e1 alinhado com pesquisa global que mostra que 61% das fam\u00edlias preferem escolas<\/p>\n","protected":false},"author":2,"featured_media":100519,"comment_status":"open","ping_status":"open","sticky":false,"template":"","format":"standard","meta":{"footnotes":""},"categories":[12],"tags":[],"class_list":["post-100518","post","type-post","status-publish","format-standard","has-post-thumbnail","hentry","category-cidade"],"_links":{"self":[{"href":"https:\/\/tvc16.com\/portal\/wp-json\/wp\/v2\/posts\/100518","targetHints":{"allow":["GET"]}}],"collection":[{"href":"https:\/\/tvc16.com\/portal\/wp-json\/wp\/v2\/posts"}],"about":[{"href":"https:\/\/tvc16.com\/portal\/wp-json\/wp\/v2\/types\/post"}],"author":[{"embeddable":true,"href":"https:\/\/tvc16.com\/portal\/wp-json\/wp\/v2\/users\/2"}],"replies":[{"embeddable":true,"href":"https:\/\/tvc16.com\/portal\/wp-json\/wp\/v2\/comments?post=100518"}],"version-history":[{"count":1,"href":"https:\/\/tvc16.com\/portal\/wp-json\/wp\/v2\/posts\/100518\/revisions"}],"predecessor-version":[{"id":100520,"href":"https:\/\/tvc16.com\/portal\/wp-json\/wp\/v2\/posts\/100518\/revisions\/100520"}],"wp:featuredmedia":[{"embeddable":true,"href":"https:\/\/tvc16.com\/portal\/wp-json\/wp\/v2\/media\/100519"}],"wp:attachment":[{"href":"https:\/\/tvc16.com\/portal\/wp-json\/wp\/v2\/media?parent=100518"}],"wp:term":[{"taxonomy":"category","embeddable":true,"href":"https:\/\/tvc16.com\/portal\/wp-json\/wp\/v2\/categories?post=100518"},{"taxonomy":"post_tag","embeddable":true,"href":"https:\/\/tvc16.com\/portal\/wp-json\/wp\/v2\/tags?post=100518"}],"curies":[{"name":"wp","href":"https:\/\/api.w.org\/{rel}","templated":true}]}}