{"id":100521,"date":"2025-03-12T05:00:00","date_gmt":"2025-03-12T08:00:00","guid":{"rendered":"https:\/\/tvc16.com\/portal\/?p=100521"},"modified":"2025-03-11T13:28:35","modified_gmt":"2025-03-11T16:28:35","slug":"prefeitura-retorna-com-ranking-anual-de-corridas-de-petropolis-2","status":"publish","type":"post","link":"https:\/\/tvc16.com\/portal\/2025\/03\/12\/prefeitura-retorna-com-ranking-anual-de-corridas-de-petropolis-2\/","title":{"rendered":"Prefeitura retorna com Ranking Anual de Corridas de Petr\u00f3polis"},"content":{"rendered":"\n<p>A Prefeitura, por meio da secretaria de Esportes, est\u00e1 retornando com o ranking de Corridas de Petr\u00f3polis. O an\u00fancio foi feito pelo prefeito Hingo Hammes na \u00faltima segunda-feira (10). A competi\u00e7\u00e3o tem como objetivo incentivar a pr\u00e1tica esportiva, al\u00e9m de promover a sa\u00fade e o bem-estar da popula\u00e7\u00e3o.<\/p>\n\n\n\n<p>\u201cPetr\u00f3polis \u00e9 uma cidade que respira corrida e essa \u00e9 uma oportunidade para o nosso governo promover mais a pr\u00e1tica do esporte e aperfei\u00e7oar o n\u00edvel t\u00e9cnico das provas\u201d, disse o prefeito Hingo Hammes. \u201cO ranking havia sido paralisado e, agora, estamos reativando este esp\u00edrito no cora\u00e7\u00e3o dos corredores petropolitanos\u201d, finaliza.<\/p>\n\n\n\n<p>Para este ano, o ranking contar\u00e1 com oito etapas, entre os dias 16 de mar\u00e7o e 09 de novembro, sendo que, as duas provas com menor nota ser\u00e3o descartadas. O ranking ser\u00e1 dividido em 30 categorias por faixa et\u00e1ria e PcD, entre masculino e feminino. \u201cA corrida de rua \u00e9 um esporte que faz parte do petropolitano, \u00e9 de um orgulho enorme voltar com esta competi\u00e7\u00e3o para a cidade de Petr\u00f3polis\u201d, celebra o secret\u00e1rio de Esportes Leandro Kronenberger.<\/p>\n\n\n\n<p>Para mais informa\u00e7\u00f5es, os corredores poder\u00e3o acessar o regulamento geral no site da prefeitura (www.petropolis.rj.gov.br\/regulamento), ou entrar em contato com a secretaria de Esportes pelo telefone (24) 2249-6803.<\/p>\n\n\n\n<p>Confira o calend\u00e1rio das Corridas v\u00e1lidas para o ranking<\/p>\n\n\n\n<p>\u2022\u2060 \u206016\/03: Petr\u00f3polis Itaipava &#8211; 15km<br>\u2022\u2060 \u206001\/05: Corrida do Trabalhador &#8211; 5km<br>\u2022\u2060 \u206006\/07: Bauerun &#8211; 5km<br>\u2022\u2060 \u206003\/08: Meia Maratona Petr\u00f3polis &#8211; 21km<br>\u2022\u2060 \u206014\/09: Corrida da Serra &#8211; 10km<br>\u2022\u2060 \u206005\/10: Corrida Master &#8211; 6km<br>\u2022\u2060 \u206025\/10: Night Run &#8211; 10km<br>\u2022\u2060 \u206009\/11: Corrida Cores da Vida &#8211; 6km<\/p>\n\n\n\n<p>Foto: divulga\u00e7\u00e3o <\/p>\n","protected":false},"excerpt":{"rendered":"<p>A Prefeitura, por meio da secretaria de Esportes, est\u00e1 retornando com o ranking de Corridas<\/p>\n","protected":false},"author":2,"featured_media":100522,"comment_status":"open","ping_status":"open","sticky":false,"template":"","format":"standard","meta":{"footnotes":""},"categories":[12],"tags":[],"class_list":["post-100521","post","type-post","status-publish","format-standard","has-post-thumbnail","hentry","category-cidade"],"_links":{"self":[{"href":"https:\/\/tvc16.com\/portal\/wp-json\/wp\/v2\/posts\/100521","targetHints":{"allow":["GET"]}}],"collection":[{"href":"https:\/\/tvc16.com\/portal\/wp-json\/wp\/v2\/posts"}],"about":[{"href":"https:\/\/tvc16.com\/portal\/wp-json\/wp\/v2\/types\/post"}],"author":[{"embeddable":true,"href":"https:\/\/tvc16.com\/portal\/wp-json\/wp\/v2\/users\/2"}],"replies":[{"embeddable":true,"href":"https:\/\/tvc16.com\/portal\/wp-json\/wp\/v2\/comments?post=100521"}],"version-history":[{"count":1,"href":"https:\/\/tvc16.com\/portal\/wp-json\/wp\/v2\/posts\/100521\/revisions"}],"predecessor-version":[{"id":100523,"href":"https:\/\/tvc16.com\/portal\/wp-json\/wp\/v2\/posts\/100521\/revisions\/100523"}],"wp:featuredmedia":[{"embeddable":true,"href":"https:\/\/tvc16.com\/portal\/wp-json\/wp\/v2\/media\/100522"}],"wp:attachment":[{"href":"https:\/\/tvc16.com\/portal\/wp-json\/wp\/v2\/media?parent=100521"}],"wp:term":[{"taxonomy":"category","embeddable":true,"href":"https:\/\/tvc16.com\/portal\/wp-json\/wp\/v2\/categories?post=100521"},{"taxonomy":"post_tag","embeddable":true,"href":"https:\/\/tvc16.com\/portal\/wp-json\/wp\/v2\/tags?post=100521"}],"curies":[{"name":"wp","href":"https:\/\/api.w.org\/{rel}","templated":true}]}}