{"id":100524,"date":"2025-03-11T13:33:22","date_gmt":"2025-03-11T16:33:22","guid":{"rendered":"https:\/\/tvc16.com\/portal\/?p=100524"},"modified":"2025-03-11T13:33:24","modified_gmt":"2025-03-11T16:33:24","slug":"casa-da-cidadania-exibe-o-filme-betinho-a-esperanca-equilibrista-quarta-12-03-as-18h30","status":"publish","type":"post","link":"https:\/\/tvc16.com\/portal\/2025\/03\/11\/casa-da-cidadania-exibe-o-filme-betinho-a-esperanca-equilibrista-quarta-12-03-as-18h30\/","title":{"rendered":"Casa da Cidadania exibe o filme \u201cBetinho: a esperan\u00e7a equilibrista\u201d quarta, 12\/03, \u00e0s 18h30"},"content":{"rendered":"\n<p><em>A sess\u00e3o ser\u00e1 seguida de debate com entrada franca e pipoca<\/em><\/p>\n\n\n\n<p>O Cineclube da Casa da Cidadania inaugura sua programa\u00e7\u00e3o semestral de filmes com a sess\u00e3o especial do filme \u2018Betinho: a esperan\u00e7a equilibrista\u2019 (Vitor Lopes, 2015) nessa quarta-feira,12, \u00e0s 18h30, com entrada franca e muita pipoca! Ap\u00f3s a sess\u00e3o, haver\u00e1 debate com o p\u00fablico.<\/p>\n\n\n\n<p>O nome do filme j\u00e1 nos remete \u00e0 m\u00fasica de Aldir Blanc e Jo\u00e3o Bosco \u201cO b\u00eabado equilibrista\u201d, eternizada pela voz de Elis Regina em 1979 e que foi um hino informal sobre o per\u00edodo da anistia e do decl\u00ednio da&nbsp;<a rel=\"noreferrer noopener\" target=\"_blank\" href=\"https:\/\/na01.safelinks.protection.outlook.com\/?url=https%3A%2F%2Fpt.wikipedia.org%2Fwiki%2FDitadura_militar_brasileira&amp;data=05%7C02%7C%7Caa8b2951dce14e2dd71108dd6093cd86%7C84df9e7fe9f640afb435aaaaaaaaaaaa%7C1%7C0%7C638772910565344464%7CUnknown%7CTWFpbGZsb3d8eyJFbXB0eU1hcGkiOnRydWUsIlYiOiIwLjAuMDAwMCIsIlAiOiJXaW4zMiIsIkFOIjoiTWFpbCIsIldUIjoyfQ%3D%3D%7C0%7C%7C%7C&amp;sdata=g%2FRvCskXwQMtstwzu7sYKJjZPC7S%2BkEsr0CwAAe%2BrtY%3D&amp;reserved=0\">Ditadura Militar<\/a>&nbsp;no Brasil e uma homenagem a Betinho.<\/p>\n\n\n\n<p>Sobre o filme:<\/p>\n\n\n\n<p>Betinho, o soci\u00f3logo Hebert de Souza, e o \u2018irm\u00e3o do Henfil\u2019, foi uma personalidade incr\u00edvel que mobilizou o pa\u00eds na Campanha Contra a Fome na d\u00e9cada de 90. O document\u00e1rio aborda a vida do soci\u00f3logo e ativista, que sofreu as consequ\u00eancias da Ditadura Militar e foi exilado. Antes da sua morte em 1997, o brasileiro iniciou campanhas contra a AIDS e a fome, al\u00e9m de fundar o IBASE, um instituto para pesquisas de a\u00e7\u00f5es governamentais.<\/p>\n\n\n\n<p>A programa\u00e7\u00e3o cultural da Casa da Cidadania tem o apoio do Cineclube Raul Lopes e da Prefeitura Municipal de Petr\u00f3polis por meio do Pr\u00eamio Pontos de Cultura da Pol\u00edtica Nacional Aldir Blanc.<\/p>\n\n\n\n<p>Sobre a Casa da Cidadania:<\/p>\n\n\n\n<p>A Associa\u00e7\u00e3o Casa da Cidadania de Petr\u00f3polis (ACCP) \u00e9 uma Organiza\u00e7\u00e3o da Sociedade Civil, sem fins lucrativos que nasceu na d\u00e9cada de 90, atrav\u00e9s de volunt\u00e1rios que distribu\u00edam sopa \u00e0 popula\u00e7\u00e3o em situa\u00e7\u00e3o de rua (Campanha do soci\u00f3logo Betinho: Brasil contra a Fome). Hoje, com 25 anos em Petr\u00f3polis,&nbsp; busca atender pessoas em maior vulnerabilidade social. Atua diretamente com projetos de educa\u00e7\u00e3o e assist\u00eancia social. A ACCP visa potencializar&nbsp; projetos de desenvolvimento cultural, economia criativa e solid\u00e1ria, e sustentabilidade.<\/p>\n\n\n\n<p>Servi\u00e7o:<\/p>\n\n\n\n<p>Exibi\u00e7\u00e3o do filme: BETINHO: ESPERAN\u00c7A EQUILIBRISTA seguida de debate (com pipoca!)<\/p>\n\n\n\n<p>Quarta-feira, 12\/02\/2025, \u00e0s 18h30<\/p>\n\n\n\n<p>R. Visc. de Souza Franco, 474 &#8211; Centro, Petr\u00f3polis \u2013 RJ (rua da feira)<\/p>\n\n\n\n<p>Entrada franca<\/p>\n\n\n\n<p>Foto: divulga\u00e7\u00e3o <\/p>\n","protected":false},"excerpt":{"rendered":"<p>A sess\u00e3o ser\u00e1 seguida de debate com entrada franca e pipoca O Cineclube da Casa<\/p>\n","protected":false},"author":2,"featured_media":100525,"comment_status":"open","ping_status":"open","sticky":false,"template":"","format":"standard","meta":{"footnotes":""},"categories":[12],"tags":[],"class_list":["post-100524","post","type-post","status-publish","format-standard","has-post-thumbnail","hentry","category-cidade"],"_links":{"self":[{"href":"https:\/\/tvc16.com\/portal\/wp-json\/wp\/v2\/posts\/100524","targetHints":{"allow":["GET"]}}],"collection":[{"href":"https:\/\/tvc16.com\/portal\/wp-json\/wp\/v2\/posts"}],"about":[{"href":"https:\/\/tvc16.com\/portal\/wp-json\/wp\/v2\/types\/post"}],"author":[{"embeddable":true,"href":"https:\/\/tvc16.com\/portal\/wp-json\/wp\/v2\/users\/2"}],"replies":[{"embeddable":true,"href":"https:\/\/tvc16.com\/portal\/wp-json\/wp\/v2\/comments?post=100524"}],"version-history":[{"count":1,"href":"https:\/\/tvc16.com\/portal\/wp-json\/wp\/v2\/posts\/100524\/revisions"}],"predecessor-version":[{"id":100526,"href":"https:\/\/tvc16.com\/portal\/wp-json\/wp\/v2\/posts\/100524\/revisions\/100526"}],"wp:featuredmedia":[{"embeddable":true,"href":"https:\/\/tvc16.com\/portal\/wp-json\/wp\/v2\/media\/100525"}],"wp:attachment":[{"href":"https:\/\/tvc16.com\/portal\/wp-json\/wp\/v2\/media?parent=100524"}],"wp:term":[{"taxonomy":"category","embeddable":true,"href":"https:\/\/tvc16.com\/portal\/wp-json\/wp\/v2\/categories?post=100524"},{"taxonomy":"post_tag","embeddable":true,"href":"https:\/\/tvc16.com\/portal\/wp-json\/wp\/v2\/tags?post=100524"}],"curies":[{"name":"wp","href":"https:\/\/api.w.org\/{rel}","templated":true}]}}