{"id":100533,"date":"2025-03-12T08:58:24","date_gmt":"2025-03-12T11:58:24","guid":{"rendered":"https:\/\/tvc16.com\/portal\/?p=100533"},"modified":"2025-03-12T09:03:19","modified_gmt":"2025-03-12T12:03:19","slug":"homem-e-preso-no-rio-por-contrabandear-equipamentos-belicos","status":"publish","type":"post","link":"https:\/\/tvc16.com\/portal\/2025\/03\/12\/homem-e-preso-no-rio-por-contrabandear-equipamentos-belicos\/","title":{"rendered":"Homem \u00e9 preso no Rio por contrabandear equipamentos b\u00e9licos"},"content":{"rendered":"\n<p><em>Produtos eram fornecidos a fac\u00e7\u00e3o criminosa<\/em><\/p>\n\n\n\n<p>Por Douglas Corr\u00eaa &#8211; Rep\u00f3rter da Ag\u00eancia Brasil \/ Foto: \u00a9 Tomaz Silva\/Ag\u00eancia Brasil<\/p>\n\n\n\n<p><\/p>\n\n\n\n<p>A Pol\u00edcia Federal prendeu, nessa ter\u00e7a-feira (11), um homem que fornecia equipamentos b\u00e9licos para uma das maiores fac\u00e7\u00f5es criminosas do Rio de Janeiro. A Opera\u00e7\u00e3o Bisturi ocorreu em a\u00e7\u00e3o conjunta com o Minist\u00e9rio P\u00fablico Federal (MPF), a Secretaria de Pol\u00edcia Civil e contou com o apoio da Pol\u00edcia Militar.<img decoding=\"async\" src=\"https:\/\/agenciabrasil.ebc.com.br\/ebc.png?id=1634226&amp;o=node\"><img decoding=\"async\" src=\"https:\/\/agenciabrasil.ebc.com.br\/ebc.gif?id=1634226&amp;o=node\"><\/p>\n\n\n\n<p>O investigado era respons\u00e1vel por selecionar, comprar, contrabandear e fornecer equipamentos b\u00e9licos\/t\u00e1ticos ao l\u00edder da fac\u00e7\u00e3o criminosa, tais como fuzis, bloqueadores de sinais, comunicadores de longa dist\u00e2ncia e drones. A atua\u00e7\u00e3o do criminoso tinha \u00eanfase no fornecimento de aparelhos de transmiss\u00e3o de sinais destinados a monitorar atividades policiais, defender \u00e1reas dominadas e atacar grupos rivais.<\/p>\n\n\n\n<p>O homem foi preso no F\u00f3rum Federal de S\u00e3o Jo\u00e3o de Meriti, na Baixada Fluminense, por for\u00e7a de mandado de pris\u00e3o preventiva decorrente de investiga\u00e7\u00e3o sobre o crime da&nbsp;organiza\u00e7\u00e3o criminosa. A pena pode chegar a dez&nbsp;anos de pris\u00e3o.<\/p>\n\n\n\n<p>Em 2024, o homem foi preso no momento em que retirava uma remessa contendo um \u201cfuzil antidrone\u201d contrabandeado, durante o mesmo per\u00edodo em que fornecia drones utilizados para lan\u00e7ar granadas contra integrantes de uma fac\u00e7\u00e3o inimiga que disputava \u00e1reas na regi\u00e3o da Penha, zona norte da cidade. O homem foi posto em liberdade com medida cautelar diversa da pris\u00e3o, que consistia no compromisso de comparecer em ju\u00edzo.<\/p>\n\n\n\n<p>Al\u00e9m do mandado de pris\u00e3o preventiva, tamb\u00e9m foram cumpridos dois mandados de busca e apreens\u00e3o em endere\u00e7os ligados ao criminoso, localizados na comunidade Buraco do Boi, no munic\u00edpio de Nova Igua\u00e7u, na Baixada Fluminense.<\/p>\n\n\n\n<p>O nome da opera\u00e7\u00e3o faz refer\u00eancia ao instrumento destinado a interven\u00e7\u00f5es m\u00e9dico-cir\u00fargicas de precis\u00e3o, que remetem \u00e0 forma de atua\u00e7\u00e3o do grupo investigado, que&nbsp;utiliza drones capazes de lan\u00e7ar explosivos em ataques precisos a integrantes de fac\u00e7\u00f5es criminosas rivais.<\/p>\n","protected":false},"excerpt":{"rendered":"<p>Produtos eram fornecidos a fac\u00e7\u00e3o criminosa Por Douglas Corr\u00eaa &#8211; Rep\u00f3rter da Ag\u00eancia Brasil \/<\/p>\n","protected":false},"author":2,"featured_media":100534,"comment_status":"open","ping_status":"open","sticky":false,"template":"","format":"standard","meta":{"footnotes":""},"categories":[17],"tags":[],"class_list":["post-100533","post","type-post","status-publish","format-standard","has-post-thumbnail","hentry","category-outras-noticias"],"_links":{"self":[{"href":"https:\/\/tvc16.com\/portal\/wp-json\/wp\/v2\/posts\/100533","targetHints":{"allow":["GET"]}}],"collection":[{"href":"https:\/\/tvc16.com\/portal\/wp-json\/wp\/v2\/posts"}],"about":[{"href":"https:\/\/tvc16.com\/portal\/wp-json\/wp\/v2\/types\/post"}],"author":[{"embeddable":true,"href":"https:\/\/tvc16.com\/portal\/wp-json\/wp\/v2\/users\/2"}],"replies":[{"embeddable":true,"href":"https:\/\/tvc16.com\/portal\/wp-json\/wp\/v2\/comments?post=100533"}],"version-history":[{"count":1,"href":"https:\/\/tvc16.com\/portal\/wp-json\/wp\/v2\/posts\/100533\/revisions"}],"predecessor-version":[{"id":100535,"href":"https:\/\/tvc16.com\/portal\/wp-json\/wp\/v2\/posts\/100533\/revisions\/100535"}],"wp:featuredmedia":[{"embeddable":true,"href":"https:\/\/tvc16.com\/portal\/wp-json\/wp\/v2\/media\/100534"}],"wp:attachment":[{"href":"https:\/\/tvc16.com\/portal\/wp-json\/wp\/v2\/media?parent=100533"}],"wp:term":[{"taxonomy":"category","embeddable":true,"href":"https:\/\/tvc16.com\/portal\/wp-json\/wp\/v2\/categories?post=100533"},{"taxonomy":"post_tag","embeddable":true,"href":"https:\/\/tvc16.com\/portal\/wp-json\/wp\/v2\/tags?post=100533"}],"curies":[{"name":"wp","href":"https:\/\/api.w.org\/{rel}","templated":true}]}}