{"id":100553,"date":"2025-03-12T09:35:17","date_gmt":"2025-03-12T12:35:17","guid":{"rendered":"https:\/\/tvc16.com\/portal\/?p=100553"},"modified":"2025-03-12T09:35:19","modified_gmt":"2025-03-12T12:35:19","slug":"homem-e-preso-em-flagrante-acusado-de-matar-a-companheira-no-vila-rica","status":"publish","type":"post","link":"https:\/\/tvc16.com\/portal\/2025\/03\/12\/homem-e-preso-em-flagrante-acusado-de-matar-a-companheira-no-vila-rica\/","title":{"rendered":"Homem \u00e9 preso em flagrante acusado de matar a companheira no Vila Rica"},"content":{"rendered":"\n<p>Um homem foi preso na manh\u00e3 desta ter\u00e7a-feira (11), em Itaipava, um homem de 66 anos, acusado de feminic\u00eddio. A pris\u00e3o foi realizada em flagrante, por Policiais Civis da 106\u00aa Delegacia de Pol\u00edcia.<\/p>\n\n\n\n<p>Na ocasi\u00e3o, os agentes foram at\u00e9 a Unidade de Pronto Atendimento (UPA) de Itaipava prender o acusado de ter cometido feminic\u00eddio contra a companheira, de 55 anos, na localidade do Vila Rica. Segundo as investiga\u00e7\u00f5es, o autor do crime est\u00e1 em tratamento contra depress\u00e3o e doen\u00e7a de Parkinson e tinha eventuais surtos psic\u00f3ticos.<\/p>\n\n\n\n<p>As investiga\u00e7\u00f5es apontam ainda que o crime teria acontecido na resid\u00eancia do casal, durante a madrugada. Ele foi encontrado pela filha do casal, apresentando sinais de desorienta\u00e7\u00e3o e andando de um lado para o outro. Segundo a filha do casal, ele tamb\u00e9m havia atentado contra a pr\u00f3pria vida, deferindo golpes de faca contra o peito.<\/p>\n\n\n\n<p>Ap\u00f3s receber alta m\u00e9dica, o acusado foi preso em flagrante e encaminhado \u00e0 106\u00aa Delegacia de Pol\u00edcia.<\/p>\n","protected":false},"excerpt":{"rendered":"<p>Um homem foi preso na manh\u00e3 desta ter\u00e7a-feira (11), em Itaipava, um homem de 66<\/p>\n","protected":false},"author":2,"featured_media":100554,"comment_status":"open","ping_status":"open","sticky":false,"template":"","format":"standard","meta":{"footnotes":""},"categories":[12],"tags":[],"class_list":["post-100553","post","type-post","status-publish","format-standard","has-post-thumbnail","hentry","category-cidade"],"_links":{"self":[{"href":"https:\/\/tvc16.com\/portal\/wp-json\/wp\/v2\/posts\/100553","targetHints":{"allow":["GET"]}}],"collection":[{"href":"https:\/\/tvc16.com\/portal\/wp-json\/wp\/v2\/posts"}],"about":[{"href":"https:\/\/tvc16.com\/portal\/wp-json\/wp\/v2\/types\/post"}],"author":[{"embeddable":true,"href":"https:\/\/tvc16.com\/portal\/wp-json\/wp\/v2\/users\/2"}],"replies":[{"embeddable":true,"href":"https:\/\/tvc16.com\/portal\/wp-json\/wp\/v2\/comments?post=100553"}],"version-history":[{"count":1,"href":"https:\/\/tvc16.com\/portal\/wp-json\/wp\/v2\/posts\/100553\/revisions"}],"predecessor-version":[{"id":100555,"href":"https:\/\/tvc16.com\/portal\/wp-json\/wp\/v2\/posts\/100553\/revisions\/100555"}],"wp:featuredmedia":[{"embeddable":true,"href":"https:\/\/tvc16.com\/portal\/wp-json\/wp\/v2\/media\/100554"}],"wp:attachment":[{"href":"https:\/\/tvc16.com\/portal\/wp-json\/wp\/v2\/media?parent=100553"}],"wp:term":[{"taxonomy":"category","embeddable":true,"href":"https:\/\/tvc16.com\/portal\/wp-json\/wp\/v2\/categories?post=100553"},{"taxonomy":"post_tag","embeddable":true,"href":"https:\/\/tvc16.com\/portal\/wp-json\/wp\/v2\/tags?post=100553"}],"curies":[{"name":"wp","href":"https:\/\/api.w.org\/{rel}","templated":true}]}}