{"id":100556,"date":"2025-03-12T09:42:22","date_gmt":"2025-03-12T12:42:22","guid":{"rendered":"https:\/\/tvc16.com\/portal\/?p=100556"},"modified":"2025-03-12T09:42:24","modified_gmt":"2025-03-12T12:42:24","slug":"audiencia-publica-debate-desvinculacao-da-contribuicao-da-iluminacao-publica-de-petropolis-nesta-quarta-feira","status":"publish","type":"post","link":"https:\/\/tvc16.com\/portal\/2025\/03\/12\/audiencia-publica-debate-desvinculacao-da-contribuicao-da-iluminacao-publica-de-petropolis-nesta-quarta-feira\/","title":{"rendered":"Audi\u00eancia p\u00fablica debate desvincula\u00e7\u00e3o da Contribui\u00e7\u00e3o da Ilumina\u00e7\u00e3o P\u00fablica de Petr\u00f3polis nesta quarta-feira"},"content":{"rendered":"\n<p>A C\u00e2mara Municipal realiza, por meio da Comiss\u00e3o Permanente de Trabalho e Defesa dos Servidores P\u00fablicos, audi\u00eancia p\u00fablica para tratar da desvincula\u00e7\u00e3o da Contribui\u00e7\u00e3o da Ilumina\u00e7\u00e3o P\u00fablica da conta de energia el\u00e9trica, conforme decis\u00e3o judicial. A reuni\u00e3o, aberta ao p\u00fablico, ser\u00e1 realizada nesta quarta-feira (12), \u00e0s 18h30.<\/p>\n\n\n\n<p>A separa\u00e7\u00e3o da cobran\u00e7a est\u00e1 prevista na Lei Municipal n\u00ba 8.716\/24 e foi reafirmada pela Justi\u00e7a, determinando que a prefeitura e a Enel adotem as provid\u00eancias necess\u00e1rias.<\/p>\n\n\n\n<p>Para o presidente da Comiss\u00e3o, vereador L\u00e9o Fran\u00e7a, a mudan\u00e7a garante mais transpar\u00eancia e justi\u00e7a na cobran\u00e7a, permitindo que a popula\u00e7\u00e3o compreenda melhor os valores pagos.<\/p>\n","protected":false},"excerpt":{"rendered":"<p>A C\u00e2mara Municipal realiza, por meio da Comiss\u00e3o Permanente de Trabalho e Defesa dos Servidores<\/p>\n","protected":false},"author":2,"featured_media":100557,"comment_status":"open","ping_status":"open","sticky":false,"template":"","format":"standard","meta":{"footnotes":""},"categories":[12],"tags":[],"class_list":["post-100556","post","type-post","status-publish","format-standard","has-post-thumbnail","hentry","category-cidade"],"_links":{"self":[{"href":"https:\/\/tvc16.com\/portal\/wp-json\/wp\/v2\/posts\/100556","targetHints":{"allow":["GET"]}}],"collection":[{"href":"https:\/\/tvc16.com\/portal\/wp-json\/wp\/v2\/posts"}],"about":[{"href":"https:\/\/tvc16.com\/portal\/wp-json\/wp\/v2\/types\/post"}],"author":[{"embeddable":true,"href":"https:\/\/tvc16.com\/portal\/wp-json\/wp\/v2\/users\/2"}],"replies":[{"embeddable":true,"href":"https:\/\/tvc16.com\/portal\/wp-json\/wp\/v2\/comments?post=100556"}],"version-history":[{"count":1,"href":"https:\/\/tvc16.com\/portal\/wp-json\/wp\/v2\/posts\/100556\/revisions"}],"predecessor-version":[{"id":100558,"href":"https:\/\/tvc16.com\/portal\/wp-json\/wp\/v2\/posts\/100556\/revisions\/100558"}],"wp:featuredmedia":[{"embeddable":true,"href":"https:\/\/tvc16.com\/portal\/wp-json\/wp\/v2\/media\/100557"}],"wp:attachment":[{"href":"https:\/\/tvc16.com\/portal\/wp-json\/wp\/v2\/media?parent=100556"}],"wp:term":[{"taxonomy":"category","embeddable":true,"href":"https:\/\/tvc16.com\/portal\/wp-json\/wp\/v2\/categories?post=100556"},{"taxonomy":"post_tag","embeddable":true,"href":"https:\/\/tvc16.com\/portal\/wp-json\/wp\/v2\/tags?post=100556"}],"curies":[{"name":"wp","href":"https:\/\/api.w.org\/{rel}","templated":true}]}}