{"id":10057,"date":"2021-01-31T08:11:24","date_gmt":"2021-01-31T11:11:24","guid":{"rendered":"https:\/\/tvc16.com\/portal\/?p=10057"},"modified":"2021-01-31T08:11:26","modified_gmt":"2021-01-31T11:11:26","slug":"dia-nacional-de-combate-e-prevencao-da-hanseniase-doenca-registra-cerca-de-30-mil-novos-casos-por-ano-no-brasil","status":"publish","type":"post","link":"https:\/\/tvc16.com\/portal\/2021\/01\/31\/dia-nacional-de-combate-e-prevencao-da-hanseniase-doenca-registra-cerca-de-30-mil-novos-casos-por-ano-no-brasil\/","title":{"rendered":"Dia Nacional de Combate e Preven\u00e7\u00e3o da Hansen\u00edase: doen\u00e7a registra cerca de 30 mil novos casos por ano no Brasil"},"content":{"rendered":"\n<p>Janeiro Roxo traz conscientiza\u00e7\u00e3o sobre preven\u00e7\u00e3o, tratamentos e preconceitos<\/p>\n\n\n\n<p>Janeiro chega ao fim com a data dedicada \u00e0 conscientiza\u00e7\u00e3o de uma doen\u00e7a hist\u00f3rica que ainda preocupa secretarias de sa\u00fade do Pa\u00eds. O Dia Mundial de Combate \u00e0 Hansen\u00edase \u00e9 lembrado em todo \u00faltimo domingo do m\u00eas, levando reflex\u00f5es sobre essa doen\u00e7a que registra cerca de 30 mil novos casos por ano no Brasil. Apesar de ser conhecida h\u00e1 s\u00e9culos, a hansen\u00edase \u00e9 um desafio de v\u00e1rias cidades. Entre os 10 munic\u00edpios com maior incid\u00eancia de casos, todos s\u00e3o do Centro-Oeste, sendo nove do Mato Grosso e um de Goi\u00e1s. Ribeir\u00e3ozinho (MT) puxa a lista de taxa da doen\u00e7a, com 5,36&nbsp;casos a cada mil habitantes, segundo dados do Datasus, do Minist\u00e9rio da Sa\u00fade.&nbsp;<br>&nbsp;<br>No Brasil, as regi\u00f5es consideradas como hiperend\u00eamicas s\u00e3o o Centro-Oeste, Norte e Nordeste, que correspondem a quase 85% dos casos do Pa\u00eds, segundo a Sociedade Brasileira de Cl\u00ednica M\u00e9dica (SBCM). Os 15 munic\u00edpios com mais casos s\u00e3o Ribeir\u00e3ozinho (MT), Ita\u00faba (MT), Campos Verdes (GO), Nova Santa Helena (MT), Ju\u00edna (MT), Cl\u00e1udia (MT), Ponte Branca (MT), Quer\u00eancia (MT), Marcel\u00e2ndia (MT), Peixoto de Azevedo (MT), Pedro Gomes (MS), \u00c1gua Boa (MT), S\u00e3o Val\u00e9rio (TO), Guarant\u00e3 do Norte (MT) e Araguaiana (MT).<\/p>\n\n\n\n<p><strong>Confira os n\u00fameros de casos nos munic\u00edpios<\/strong><\/p>\n\n\n\n<p>https:\/\/brasil61.com\/widgets\/mapa\/17&nbsp;<br>Infectocontagiosa, a hansen\u00edase \u00e9 causada por uma bact\u00e9ria e pode provocar, entre os sintomas mais comuns, altera\u00e7\u00f5es na pele, como manchas brancas, avermelhadas ou escurecidas. A doen\u00e7a \u00e9 causada pela bact\u00e9ria Mycobacterium Leprae. A maior parte da popula\u00e7\u00e3o tem imunidade e resist\u00eancia a ela, por\u00e9m, os casos do Pa\u00eds ligam alertas.<br>&nbsp;<br>Segundo a Organiza\u00e7\u00e3o Mundial da Sa\u00fade (OMS), 93% dos casos de hansen\u00edase do continente Sul-Americano s\u00e3o do Brasil. Sandra Dur\u00e3es, coordenadora do departamento de Hansen\u00edase da Sociedade Brasileira de Dermatologia (SBD), explica que algumas caracter\u00edsticas devem ser consideradas como um sinal amarelo para a infec\u00e7\u00e3o.&nbsp;<\/p>\n\n\n\n<p>\u201cA bact\u00e9ria da hansen\u00edase tem uma afinidade especial pela pele e pelos nervos perif\u00e9ricos. Na pele, ela vai se apresentar com manchas que podem ser brancas, rosas, vermelhas, pode surgir caro\u00e7os na pele, infiltra\u00e7\u00f5es, que s\u00e3o \u00e1reas vermelhas elevadas, e essas les\u00f5es possuem a caracter\u00edstica fundamental de apresentarem alguma altera\u00e7\u00e3o da sensibilidade\u201d, explica a especialista.<\/p>\n\n\n\n<p>Quem identifica alguns desses sintomas deve observar o tipo de altera\u00e7\u00e3o que encontra. M\u00e9dica dermatologista pela SBD, Wanessa Sim\u00e3o pontua que o paciente que apresentar algum tipo dessas manchas deve procurar atendimento m\u00e9dico. \u201cA principal suspeita s\u00e3o aquelas manchas dormentes, com algum grau de perda de sensibilidade t\u00e1til ou dolorosa, e aquelas manchas que v\u00e3o e voltam, nunca desaparecem. O esquema de tratamento vai depender se o paciente \u00e9 paucibacilar, apresente poucos bacilos na pele, nas les\u00f5es, ou multibacilar, com muitos bacilos\u201d, comenta. &nbsp;<\/p>\n\n\n\n<h2 class=\"wp-block-heading\">Tratamento<\/h2>\n\n\n\n<p>A hansen\u00edase pode ser transmitida por contato com got\u00edculas de saliva de algu\u00e9m doente com uma pessoa de conviv\u00eancia muito pr\u00f3xima e prolongada, mas h\u00e1 um tratamento medicamentoso fornecido pelo Sistema \u00danico de Sa\u00fade (SUS). Na primeira dose dos medicamentos j\u00e1 \u00e9 poss\u00edvel eliminar mais de 90% da capacidade de transmiss\u00e3o. Os rem\u00e9dios dependem do tipo de espectro da enfermidade.<\/p>\n\n\n\n<p>Os paucibacilares, ou seja, que t\u00eam boa resist\u00eancia \u00e0 doen\u00e7a e poucas les\u00f5es, s\u00e3o tratados com uma associa\u00e7\u00e3o de medicamentos chamada Poliquimioterapia, durante cerca de seis meses. J\u00e1 aqueles com casos mais graves podem realizar o tratamento entre um e dois anos. Os m\u00e9dicos destacam que o isolamento compuls\u00f3rio chegou a ser realizado no s\u00e9culo passado, quando n\u00e3o havia tratamento cl\u00ednico, mas isso n\u00e3o \u00e9 mais utilizado.&nbsp;<\/p>\n\n\n\n<figure class=\"wp-block-image\"><img decoding=\"async\" src=\"\/\/s3-sa-east-1.amazonaws.com\/agencia-radio-arb\/3561\/content_hanseniase.png\" alt=\"\" title=\"Arte: Brasil 61\"\/><\/figure>\n\n\n\n<p>Isabela Goulart, diretora Cient\u00edfica da Sociedade Brasileira de Hansenologia e professora da Faculdade de Medicina da Universidade Federal de Uberl\u00e2ndia (UFU), diz que aquelas a\u00e7\u00f5es ainda geram muito preconceito. \u201cIsolar essas pessoas foi a alternativa encontrada pelo governo, e houve a constru\u00e7\u00e3o de v\u00e1rios sanat\u00f3rios ou, na \u00e9poca, ditos \u2018lepros\u00e1rios\u2019. Essas consequ\u00eancias n\u00f3s pagamos at\u00e9 hoje, desse isolamento compuls\u00f3rio, porque t\u00eam ex-pacientes e familiares ainda na comunidade. E, para isso, em 1995, tivemos uma lei que proibiu o nome lepra para designar a doen\u00e7a.<\/p>\n\n\n\n<h2 class=\"wp-block-heading\">Na pele<\/h2>\n\n\n\n<p>Esse preconceito \u00e9 enfrentado at\u00e9 hoje. Francisca Barros da Silva, moradora do Paran\u00e1, conta que chegou a ser demitida de empregos por conta da enfermidade, e passou por diversas batalhas ao longo da vida. \u201cDescobri a doen\u00e7a aos nove anos, mas s\u00f3 fui tratada corretamente aos 21. O atendimento era muito dif\u00edcil, porque eu morava no seringal, no Amazonas, onde nasci. S\u00f3 fui conseguir tratamento quando estava em Curitiba e acabei engravidando de um abuso e ficando sem resist\u00eancia. A hansen\u00edase reativou, eu procurei o m\u00e9dico, fui diagnosticada e encaminhada para o antigo lepros\u00e1rio.\u201d<br>&nbsp;<br>Francisca teve sequelas nas m\u00e3os e perdeu os dedos dos p\u00e9s por conta da doen\u00e7a. Hoje em dia, ela faz trabalhos volunt\u00e1rios em associa\u00e7\u00f5es de pessoas que sofreram com a hansen\u00edase, para educar e conscientizar. \u201cSofro de preconceito at\u00e9 hoje, porque, na vis\u00e3o das pessoas, a gente devia ficar no fundo da cama esperando esmola. A gente morre para a sociedade quando vai para um lepros\u00e1rio e quando sai tamb\u00e9m. Somos exclu\u00eddos at\u00e9 da fam\u00edlia. Mas meu trabalho \u00e9 fazer com que a sociedade nos aceite e com que n\u00f3s nos aceitamos para conviver em sociedade\u201d.<br>&nbsp;<br>Ela lembra ainda que a hansen\u00edase \u00e9 infectocontagiosa, mas atualmente \u00e9 f\u00e1cil de curar. \u201cSe a pessoa n\u00e3o procurar atendimento, o pr\u00f3ximo paciente vai estar dentro da casa dela. O foco do janeiro roxo \u00e9 fazer com que as pessoas se conscientizem de que tem cura\u201d, diz.&nbsp;<\/p>\n\n\n\n<h2 class=\"wp-block-heading\">Vigil\u00e2ncia<\/h2>\n\n\n\n<p>A m\u00e9dica hansenologista Laila de Laguiche, fundadora e presidente do Instituto Alian\u00e7a Contra Hansen\u00edase, diz que o desafio no Pa\u00eds \u00e9 amplo. \u201cA hansen\u00edase merece aten\u00e7\u00e3o psicol\u00f3gica, de reabilita\u00e7\u00e3o, atendimento cl\u00ednico, algumas vezes cir\u00fargico. \u00c9 preciso ter participa\u00e7\u00e3o dos pacientes e da comunidade e conscientiza\u00e7\u00e3o dos agentes de sa\u00fade. Isso tem que funcionar como forma de engrenagem. H\u00e1 cerca de dois anos, Mato Grosso inovou com uma Secretaria de Doen\u00e7as Cr\u00f4nicas\u201d, citou.&nbsp;<br>&nbsp;<br>Em nota, a Secretaria de Sa\u00fade do Estado de Mato Grosso, regi\u00e3o com maior n\u00famero de casos nos munic\u00edpios, afirmou que desenvolveu \u201cdiversas a\u00e7\u00f5es intersetoriais\u201d nos \u00faltimos 20 anos, realizando uma \u201cbusca incessante por casos novos e pelo diagn\u00f3stico precoce da hansen\u00edase\u201d. A pasta citou ainda a\u00e7\u00f5es realizadas entre 2018 e 2020, por meio da execu\u00e7\u00e3o do plano estadual estrat\u00e9gico de enfrentamento da hansen\u00edase.<br>&nbsp;<br>\u201cMato Grosso executou: capacita\u00e7\u00e3o de profissionais do SUS para o diagn\u00f3stico precoce, com mais de 1.800 profissionais distribu\u00eddos nas 16 regi\u00f5es de sa\u00fade do Estado; 2.749 atendimentos de sa\u00fade realizados pelos munic\u00edpios em parceria com a Novartis, Roda Hans e Carreta Hansen\u00edase, resultando no diagn\u00f3stico de 309 novos casos de hansen\u00edase em adultos e 10 novos casos em menores de 15 anos; implanta\u00e7\u00e3o de seis ambulat\u00f3rios de aten\u00e7\u00e3o especializados regionalizados em hansen\u00edase (AAER); oferta de servi\u00e7os de teleconsultorias e teleduca\u00e7\u00e3o por meio do telessa\u00fade MT\u201d, exemplificou a secretaria.&nbsp;<br>&nbsp;<br>As melhores formas de preven\u00e7\u00e3o da doen\u00e7a s\u00e3o o diagn\u00f3stico precoce, o tratamento correto e a investiga\u00e7\u00e3o de contatos que convivem ou conviveram de forma prolongada com pacientes acometidos. O \u00faltimo domingo do m\u00eas de janeiro \u00e9 o Dia Nacional de Combate e Preven\u00e7\u00e3o da Hansen\u00edase desde a Lei n\u00ba 12.135, de 2009.&nbsp;<br>&nbsp;<\/p>\n\n\n\n<p>Fonte: <a href=\"https:\/\/brasil61.com\/noticias\/dia-nacional-de-combate-e-prevencao-da-hanseniase-doenca-registra-cerca-de-30-mil-novos-casos-por-ano-no-brasil-bras213636?email=bethdeoliveira@yahoo.com.br&amp;utm_source=newsletter&amp;utm_medium=newsletter&amp;utm_campaign=newsletter\" target=\"_blank\" rel=\"noreferrer noopener\">Brasil 61<\/a><\/p>\n\n\n\n<p><\/p>\n","protected":false},"excerpt":{"rendered":"<p>Janeiro Roxo traz conscientiza\u00e7\u00e3o sobre preven\u00e7\u00e3o, tratamentos e preconceitos Janeiro chega ao fim com a<\/p>\n","protected":false},"author":2,"featured_media":0,"comment_status":"open","ping_status":"open","sticky":false,"template":"","format":"standard","meta":{"footnotes":""},"categories":[17],"tags":[],"class_list":["post-10057","post","type-post","status-publish","format-standard","hentry","category-outras-noticias"],"_links":{"self":[{"href":"https:\/\/tvc16.com\/portal\/wp-json\/wp\/v2\/posts\/10057","targetHints":{"allow":["GET"]}}],"collection":[{"href":"https:\/\/tvc16.com\/portal\/wp-json\/wp\/v2\/posts"}],"about":[{"href":"https:\/\/tvc16.com\/portal\/wp-json\/wp\/v2\/types\/post"}],"author":[{"embeddable":true,"href":"https:\/\/tvc16.com\/portal\/wp-json\/wp\/v2\/users\/2"}],"replies":[{"embeddable":true,"href":"https:\/\/tvc16.com\/portal\/wp-json\/wp\/v2\/comments?post=10057"}],"version-history":[{"count":1,"href":"https:\/\/tvc16.com\/portal\/wp-json\/wp\/v2\/posts\/10057\/revisions"}],"predecessor-version":[{"id":10059,"href":"https:\/\/tvc16.com\/portal\/wp-json\/wp\/v2\/posts\/10057\/revisions\/10059"}],"wp:attachment":[{"href":"https:\/\/tvc16.com\/portal\/wp-json\/wp\/v2\/media?parent=10057"}],"wp:term":[{"taxonomy":"category","embeddable":true,"href":"https:\/\/tvc16.com\/portal\/wp-json\/wp\/v2\/categories?post=10057"},{"taxonomy":"post_tag","embeddable":true,"href":"https:\/\/tvc16.com\/portal\/wp-json\/wp\/v2\/tags?post=10057"}],"curies":[{"name":"wp","href":"https:\/\/api.w.org\/{rel}","templated":true}]}}