{"id":100582,"date":"2025-03-13T05:00:00","date_gmt":"2025-03-13T08:00:00","guid":{"rendered":"https:\/\/tvc16.com\/portal\/?p=100582"},"modified":"2025-03-12T14:46:01","modified_gmt":"2025-03-12T17:46:01","slug":"colegio-santa-catarina-promove-bazar-solidario-em-apoio-a-educacao-infantil","status":"publish","type":"post","link":"https:\/\/tvc16.com\/portal\/2025\/03\/13\/colegio-santa-catarina-promove-bazar-solidario-em-apoio-a-educacao-infantil\/","title":{"rendered":"Col\u00e9gio Santa Catarina promove Bazar Solid\u00e1rio em apoio \u00e0 educa\u00e7\u00e3o infantil"},"content":{"rendered":"\n<p><em>Com itens a partir de R$1, a renda arrecadada ser\u00e1 destinada ao suporte educacional e \u00e0 melhoria das condi\u00e7\u00f5es de ensino das crian\u00e7as atendidas pela institui\u00e7\u00e3o<\/em><\/p>\n\n\n\n<p>O Col\u00e9gio Santa Catarina, em Petr\u00f3polis, realizar\u00e1 no dia 15 de mar\u00e7o, s\u00e1bado, das 8h \u00e0s 16h, um Bazar Solid\u00e1rio com o objetivo de arrecadar fundos para o ensino e forma\u00e7\u00e3o das mais de 180 crian\u00e7as atendidas pela institui\u00e7\u00e3o. O evento acontecer\u00e1 na quadra do col\u00e9gio, localizada no Centro da cidade.<\/p>\n\n\n\n<p>O bazar contar\u00e1 com uma grande variedade de itens \u00e0 venda, incluindo roupas em \u00f3timo estado, utens\u00edlios de cozinha, itens de cama, mesa e banho. Os pre\u00e7os s\u00e3o acess\u00edveis, a partir de R$ 1,00, tornando o evento uma \u00f3tima oportunidade para adquirir produtos de qualidade e, ao mesmo tempo, contribuir para uma causa nobre.<\/p>\n\n\n\n<p>A renda arrecadada ser\u00e1 destinada ao suporte educacional e \u00e0 melhoria das condi\u00e7\u00f5es de ensino das crian\u00e7as atendidas pela institui\u00e7\u00e3o, reafirmando o compromisso do Col\u00e9gio Santa Catarina com a comunidade e o desenvolvimento social.<br><br>Participe e ajude a transformar vidas por meio da educa\u00e7\u00e3o!<\/p>\n\n\n\n<p><strong>Servi\u00e7o<\/strong><\/p>\n\n\n\n<p><strong>Bazar Solid\u00e1rio do Col\u00e9gio Santa Catarina<\/strong><\/p>\n\n\n\n<ul class=\"wp-block-list\">\n<li><strong>Data:<\/strong>\u00a015 de mar\u00e7o<\/li>\n\n\n\n<li><strong>Hor\u00e1rio:<\/strong>\u00a0Das 8h \u00e0s 16h<\/li>\n\n\n\n<li><strong>Local:<\/strong>\u00a0Quadra do Col\u00e9gio Santa Catarina \u2013 Rua Montecaseros, 278, Centro, Petr\u00f3polis<\/li>\n<\/ul>\n\n\n\n<p>Foto: divulga\u00e7\u00e3o <\/p>\n","protected":false},"excerpt":{"rendered":"<p>Com itens a partir de R$1, a renda arrecadada ser\u00e1 destinada ao suporte educacional e<\/p>\n","protected":false},"author":2,"featured_media":100583,"comment_status":"open","ping_status":"open","sticky":false,"template":"","format":"standard","meta":{"footnotes":""},"categories":[12],"tags":[],"class_list":["post-100582","post","type-post","status-publish","format-standard","has-post-thumbnail","hentry","category-cidade"],"_links":{"self":[{"href":"https:\/\/tvc16.com\/portal\/wp-json\/wp\/v2\/posts\/100582","targetHints":{"allow":["GET"]}}],"collection":[{"href":"https:\/\/tvc16.com\/portal\/wp-json\/wp\/v2\/posts"}],"about":[{"href":"https:\/\/tvc16.com\/portal\/wp-json\/wp\/v2\/types\/post"}],"author":[{"embeddable":true,"href":"https:\/\/tvc16.com\/portal\/wp-json\/wp\/v2\/users\/2"}],"replies":[{"embeddable":true,"href":"https:\/\/tvc16.com\/portal\/wp-json\/wp\/v2\/comments?post=100582"}],"version-history":[{"count":1,"href":"https:\/\/tvc16.com\/portal\/wp-json\/wp\/v2\/posts\/100582\/revisions"}],"predecessor-version":[{"id":100584,"href":"https:\/\/tvc16.com\/portal\/wp-json\/wp\/v2\/posts\/100582\/revisions\/100584"}],"wp:featuredmedia":[{"embeddable":true,"href":"https:\/\/tvc16.com\/portal\/wp-json\/wp\/v2\/media\/100583"}],"wp:attachment":[{"href":"https:\/\/tvc16.com\/portal\/wp-json\/wp\/v2\/media?parent=100582"}],"wp:term":[{"taxonomy":"category","embeddable":true,"href":"https:\/\/tvc16.com\/portal\/wp-json\/wp\/v2\/categories?post=100582"},{"taxonomy":"post_tag","embeddable":true,"href":"https:\/\/tvc16.com\/portal\/wp-json\/wp\/v2\/tags?post=100582"}],"curies":[{"name":"wp","href":"https:\/\/api.w.org\/{rel}","templated":true}]}}