{"id":100588,"date":"2025-03-13T05:02:00","date_gmt":"2025-03-13T08:02:00","guid":{"rendered":"https:\/\/tvc16.com\/portal\/?p=100588"},"modified":"2025-03-12T15:04:14","modified_gmt":"2025-03-12T18:04:14","slug":"sindturismo-petropolis-garante-inscricoes-gratuitas-para-empresarios-no-sre-super-rio-expofood-2025","status":"publish","type":"post","link":"https:\/\/tvc16.com\/portal\/2025\/03\/13\/sindturismo-petropolis-garante-inscricoes-gratuitas-para-empresarios-no-sre-super-rio-expofood-2025\/","title":{"rendered":"SindTurismo Petr\u00f3polis garante inscri\u00e7\u00f5es gratuitas para empres\u00e1rios no SRE Super Rio Expofood 2025"},"content":{"rendered":"\n<p><em>Evento contar\u00e1 com palestrantes como a ginasta Rebeca Andrade, o&nbsp;chef de cozinha franc\u00eas, Cloude Troisgros, e muitos outros<\/em><\/p>\n\n\n\n<p>O&nbsp;SindTurismo Petr\u00f3polis&nbsp;est\u00e1 proporcionando uma oportunidade exclusiva para empres\u00e1rios do setor de turismo, gastronomia e hotelaria:&nbsp;inscri\u00e7\u00f5es gratuitas&nbsp;para participar da&nbsp;35\u00aa edi\u00e7\u00e3o do SRE Super Rio Expofood, um dos maiores e mais inovadores eventos de neg\u00f3cios das Am\u00e9ricas.&nbsp;Em sua 35\u00aa edi\u00e7\u00e3o, o evento acontecer\u00e1 entre os dias 18 e 20 de mar\u00e7o, no Riocentro, na cidade do Rio de Janeiro e contar\u00e1 com palestrantes como a&nbsp;ginasta Rebeca Andrade, o&nbsp;chef de cozinha franc\u00eas, Cloude Troisgros, e muitos outros. A programa\u00e7\u00e3o completa est\u00e1 dispon\u00edvel no site:&nbsp;<a rel=\"noreferrer noopener\" target=\"_blank\" href=\"https:\/\/na01.safelinks.protection.outlook.com\/?url=https%3A%2F%2Fsretradeshow.com.br%2Fprogramacao%2F&amp;data=05%7C02%7C%7C7fd3559993d04207a14108dd6177b481%7C84df9e7fe9f640afb435aaaaaaaaaaaa%7C1%7C0%7C638773888960677449%7CUnknown%7CTWFpbGZsb3d8eyJFbXB0eU1hcGkiOnRydWUsIlYiOiIwLjAuMDAwMCIsIlAiOiJXaW4zMiIsIkFOIjoiTWFpbCIsIldUIjoyfQ%3D%3D%7C0%7C%7C%7C&amp;sdata=FI10GhCrJW0giDL%2Btq4yM8%2B5NqhnRCcriWNgCoMmNOU%3D&amp;reserved=0\">https:\/\/sretradeshow.com.br\/programacao\/<\/a>.<\/p>\n\n\n\n<p>Tradicionalmente, a inscri\u00e7\u00e3o para visitantes pode chegar a R$ 730, mas gra\u00e7as a essa iniciativa do SindTurismo Petr\u00f3polis, todos os empres\u00e1rios locais do setor, sejam eles associados ou n\u00e3o ao sindicato, ter\u00e3o acesso gratuito ao evento, bastando apenas realizar previamente sua inscri\u00e7\u00e3o junto ao sindicato. Os empres\u00e1rios interessados em participar devem entrar em contato com o&nbsp;SindTurismo Petr\u00f3polis pelo WhatsApp (24) 99235-0551.<\/p>\n\n\n\n<p>\u201cOferecer essas inscri\u00e7\u00f5es gratuitas \u00e9 uma maneira concreta de impulsionar o crescimento do nosso setor. Queremos que empres\u00e1rios locais tenham acesso direto \u00e0s tend\u00eancias, oportunidades e conex\u00f5es que s\u00f3 um evento dessa dimens\u00e3o pode proporcionar. Ao investirmos na qualifica\u00e7\u00e3o e atualiza\u00e7\u00e3o dos empres\u00e1rios, fortalecemos toda a cadeia tur\u00edstica em Petr\u00f3polis\u201d, destaca Germano Valente, presidente do SindTurismo.&nbsp;<\/p>\n\n\n\n<p>Entre os destaques da programa\u00e7\u00e3o, est\u00e3o confirmados a realiza\u00e7\u00e3o da 3\u00aa Conven\u00e7\u00e3o das Am\u00e9ricas, um f\u00f3rum com grandes especialistas nacionais e internacionais do setor, e o inovador palco em formato de p\u00e9tala, que vai dinamizar ainda mais a experi\u00eancia dos participantes com palestras e conte\u00fados relevantes. O evento ter\u00e1 ainda espa\u00e7os dedicados \u00e0 gastronomia, como a tradicional Gourmet Show Arena com chefs renomados, e \u00e1reas exclusivas como o Espa\u00e7o Agro, promovendo conex\u00f5es entre produtores e profissionais do setor.<\/p>\n\n\n\n<p>Organizado pela&nbsp;Associa\u00e7\u00e3o de Supermercados do Estado do Rio de Janeiro (ASSERJ)&nbsp;e pela&nbsp;Base Eventos, a expectativa \u00e9 de que esta edi\u00e7\u00e3o supere os&nbsp;68 mil visitantes&nbsp;da \u00faltima feira e ultrapasse os&nbsp;R$ 4,2 bilh\u00f5es em neg\u00f3cios gerados.<\/p>\n\n\n\n<p>A iniciativa do&nbsp;SindTurismo Petr\u00f3polis&nbsp;busca incentivar a presen\u00e7a de empres\u00e1rios locais no evento, ampliando o acesso ao conhecimento, networking e novas oportunidades de neg\u00f3cios. As inscri\u00e7\u00f5es disponibilizadas pelo sindicato s\u00e3o abertas&nbsp;a todos os empres\u00e1rios permitindo que mais empreendedores da regi\u00e3o tenham contato com as inova\u00e7\u00f5es e tend\u00eancias do setor.<\/p>\n\n\n\n<p>&nbsp;Fotos: Reprodu\u00e7\u00e3o\/Internet &nbsp;<\/p>\n","protected":false},"excerpt":{"rendered":"<p>Evento contar\u00e1 com palestrantes como a ginasta Rebeca Andrade, o&nbsp;chef de cozinha franc\u00eas, Cloude Troisgros,<\/p>\n","protected":false},"author":2,"featured_media":100589,"comment_status":"open","ping_status":"open","sticky":false,"template":"","format":"standard","meta":{"footnotes":""},"categories":[12],"tags":[],"class_list":["post-100588","post","type-post","status-publish","format-standard","has-post-thumbnail","hentry","category-cidade"],"_links":{"self":[{"href":"https:\/\/tvc16.com\/portal\/wp-json\/wp\/v2\/posts\/100588","targetHints":{"allow":["GET"]}}],"collection":[{"href":"https:\/\/tvc16.com\/portal\/wp-json\/wp\/v2\/posts"}],"about":[{"href":"https:\/\/tvc16.com\/portal\/wp-json\/wp\/v2\/types\/post"}],"author":[{"embeddable":true,"href":"https:\/\/tvc16.com\/portal\/wp-json\/wp\/v2\/users\/2"}],"replies":[{"embeddable":true,"href":"https:\/\/tvc16.com\/portal\/wp-json\/wp\/v2\/comments?post=100588"}],"version-history":[{"count":1,"href":"https:\/\/tvc16.com\/portal\/wp-json\/wp\/v2\/posts\/100588\/revisions"}],"predecessor-version":[{"id":100590,"href":"https:\/\/tvc16.com\/portal\/wp-json\/wp\/v2\/posts\/100588\/revisions\/100590"}],"wp:featuredmedia":[{"embeddable":true,"href":"https:\/\/tvc16.com\/portal\/wp-json\/wp\/v2\/media\/100589"}],"wp:attachment":[{"href":"https:\/\/tvc16.com\/portal\/wp-json\/wp\/v2\/media?parent=100588"}],"wp:term":[{"taxonomy":"category","embeddable":true,"href":"https:\/\/tvc16.com\/portal\/wp-json\/wp\/v2\/categories?post=100588"},{"taxonomy":"post_tag","embeddable":true,"href":"https:\/\/tvc16.com\/portal\/wp-json\/wp\/v2\/tags?post=100588"}],"curies":[{"name":"wp","href":"https:\/\/api.w.org\/{rel}","templated":true}]}}