{"id":100597,"date":"2025-03-13T05:00:00","date_gmt":"2025-03-13T08:00:00","guid":{"rendered":"https:\/\/tvc16.com\/portal\/?p=100597"},"modified":"2025-03-12T17:28:09","modified_gmt":"2025-03-12T20:28:09","slug":"prefeitura-e-estado-avancam-na-retirada-de-ervas-passarinho-no-centro-historico","status":"publish","type":"post","link":"https:\/\/tvc16.com\/portal\/2025\/03\/13\/prefeitura-e-estado-avancam-na-retirada-de-ervas-passarinho-no-centro-historico\/","title":{"rendered":"Prefeitura e Estado avan\u00e7am na retirada de ervas passarinho no Centro Hist\u00f3rico"},"content":{"rendered":"\n<p>A retirada das ervas de passarinho das \u00e1rvores do Centro Hist\u00f3rico de Petr\u00f3polis foi tema de uma reuni\u00e3o realizada nesta ter\u00e7a-feira (11) no pr\u00e9dio do IPHAN, na Avenida Koeler. O encontro contou com a presen\u00e7a de representantes do Instituto Estadual do Patrim\u00f4nio Cultural (Inepac), al\u00e9m de integrantes da administra\u00e7\u00e3o municipal e estadual, que discutiram o planejamento da a\u00e7\u00e3o e o acompanhamento dos \u00f3rg\u00e3os de preserva\u00e7\u00e3o.<\/p>\n\n\n\n<p>Os \u00f3rg\u00e3os de preserva\u00e7\u00e3o foram representados pela chefe do Escrit\u00f3rio Regional \u2013 Regi\u00e3o Serrana \u2013 do Inepac, Patr\u00edcia Hugueney, e pelo chefe do escrit\u00f3rio local do IPHAN, Marcel Santos.<\/p>\n\n\n\n<p>A iniciativa tem como objetivo preservar a vegeta\u00e7\u00e3o urbana e evitar danos \u00e0s \u00e1rvores do Centro Hist\u00f3rico, garantindo a seguran\u00e7a da \u00e1rea tombada. O prefeito Hingo Hammes destacou a import\u00e2ncia da a\u00e7\u00e3o e a parceria entre os \u00f3rg\u00e3os envolvidos. \u201cEsse \u00e9 um trabalho essencial para garantir a sa\u00fade da vegeta\u00e7\u00e3o e a preserva\u00e7\u00e3o da paisagem do Centro Hist\u00f3rico. Estamos atuando em parceria com o Governo do Estado, o INEA, o IPHAN e o Inepac para que esse servi\u00e7o seja feito com seguran\u00e7a e responsabilidade\u201d, afirmou.<\/p>\n\n\n\n<p>A a\u00e7\u00e3o contar\u00e1 com o monitoramento e o acompanhamento t\u00e9cnico de especialistas para assegurar a recupera\u00e7\u00e3o das \u00e1rvores ap\u00f3s a remo\u00e7\u00e3o das ervas. O vice-prefeito e secret\u00e1rio de Meio Ambiente, Albano Filho (Baninho), explicou que a iniciativa faz parte de um esfor\u00e7o conjunto para preservar o patrim\u00f4nio natural da cidade. \u201cNosso trabalho \u00e9 garantir que a retirada das ervas de passarinho seja feita de maneira adequada, respeitando a vegeta\u00e7\u00e3o e preservando a paisagem do Centro Hist\u00f3rico. Quero aqui agradecer ao secret\u00e1rio estadual do Ambiente, Bernardo Rossi, que desde o primeiro momento vem nos apoiando nessa a\u00e7\u00e3o conjunta\u201d, disse. O projeto tamb\u00e9m conta com o apoio da Enel e da \u00c1guas do Imperador.<\/p>\n\n\n\n<p>O trabalho ser\u00e1 realizado de forma planejada e seguindo crit\u00e9rios t\u00e9cnicos definidos em conjunto com os \u00f3rg\u00e3os de preserva\u00e7\u00e3o. A presidente da Comdep, Fernanda Ferreira, ressaltou a import\u00e2ncia desse alinhamento para garantir um servi\u00e7o eficiente e seguro. \u201cCom o apoio do IPHAN e do Inepac, todo o processo ser\u00e1 realizado de forma cuidadosa e eficiente. Essa parceria entre munic\u00edpio e estado fortalece as a\u00e7\u00f5es ambientais, garantindo mais qualidade de vida e sustentabilidade para Petr\u00f3polis\u201d, destacou.<\/p>\n\n\n\n<p>O vereador Alo\u00edsio Barbosa, que tamb\u00e9m participou da reuni\u00e3o, destacou que os trabalhos ser\u00e3o acompanhados por t\u00e9cnicos ambientais, que avaliar\u00e3o cada \u00e1rvore antes da remo\u00e7\u00e3o das ervas, garantindo a seguran\u00e7a e a preserva\u00e7\u00e3o das esp\u00e9cies. &#8220;Al\u00e9m da preserva\u00e7\u00e3o da paisagem e da vegeta\u00e7\u00e3o urbana, a retirada das ervas de passarinho tamb\u00e9m \u00e9 fundamental para evitar riscos de queda de galhos, principalmente em \u00e1reas de grande circula\u00e7\u00e3o&#8221;, destacou.<\/p>\n\n\n\n<p>O Governo do Estado, por meio do Instituto Estadual do Ambiente (INEA), tamb\u00e9m refor\u00e7ou o compromisso com a conserva\u00e7\u00e3o ambiental da cidade. O diretor do INEA, Cleber Ferreira, elogiou a parceria entre as institui\u00e7\u00f5es e ressaltou a dedica\u00e7\u00e3o da equipe envolvida no projeto. \u201c\u00c9 muito importante ver essa integra\u00e7\u00e3o entre a Prefeitura e o Estado. Como representante do INEA, fico satisfeito em acompanhar essa iniciativa sendo conduzida com planejamento e responsabilidade. A determina\u00e7\u00e3o do secret\u00e1rio de Meio Ambiente e Sustentabilidade, Bernardo Rossi, e o apoio do governador Cl\u00e1udio Castro garantem que possamos avan\u00e7ar ainda mais nas a\u00e7\u00f5es ambientais para Petr\u00f3polis\u201d, concluiu.<\/p>\n","protected":false},"excerpt":{"rendered":"<p>A retirada das ervas de passarinho das \u00e1rvores do Centro Hist\u00f3rico de Petr\u00f3polis foi tema<\/p>\n","protected":false},"author":2,"featured_media":100599,"comment_status":"open","ping_status":"open","sticky":false,"template":"","format":"standard","meta":{"footnotes":""},"categories":[12],"tags":[],"class_list":["post-100597","post","type-post","status-publish","format-standard","has-post-thumbnail","hentry","category-cidade"],"_links":{"self":[{"href":"https:\/\/tvc16.com\/portal\/wp-json\/wp\/v2\/posts\/100597","targetHints":{"allow":["GET"]}}],"collection":[{"href":"https:\/\/tvc16.com\/portal\/wp-json\/wp\/v2\/posts"}],"about":[{"href":"https:\/\/tvc16.com\/portal\/wp-json\/wp\/v2\/types\/post"}],"author":[{"embeddable":true,"href":"https:\/\/tvc16.com\/portal\/wp-json\/wp\/v2\/users\/2"}],"replies":[{"embeddable":true,"href":"https:\/\/tvc16.com\/portal\/wp-json\/wp\/v2\/comments?post=100597"}],"version-history":[{"count":2,"href":"https:\/\/tvc16.com\/portal\/wp-json\/wp\/v2\/posts\/100597\/revisions"}],"predecessor-version":[{"id":100601,"href":"https:\/\/tvc16.com\/portal\/wp-json\/wp\/v2\/posts\/100597\/revisions\/100601"}],"wp:featuredmedia":[{"embeddable":true,"href":"https:\/\/tvc16.com\/portal\/wp-json\/wp\/v2\/media\/100599"}],"wp:attachment":[{"href":"https:\/\/tvc16.com\/portal\/wp-json\/wp\/v2\/media?parent=100597"}],"wp:term":[{"taxonomy":"category","embeddable":true,"href":"https:\/\/tvc16.com\/portal\/wp-json\/wp\/v2\/categories?post=100597"},{"taxonomy":"post_tag","embeddable":true,"href":"https:\/\/tvc16.com\/portal\/wp-json\/wp\/v2\/tags?post=100597"}],"curies":[{"name":"wp","href":"https:\/\/api.w.org\/{rel}","templated":true}]}}