{"id":10060,"date":"2021-02-01T16:20:54","date_gmt":"2021-02-01T19:20:54","guid":{"rendered":"https:\/\/tvc16.com\/portal\/?p=10060"},"modified":"2021-02-01T16:20:58","modified_gmt":"2021-02-01T19:20:58","slug":"brasil-deve-receber-cerca-de-14-milhoes-de-doses-da-vacina-astrazeneca-contra-a-covid-19-neste-mes","status":"publish","type":"post","link":"https:\/\/tvc16.com\/portal\/2021\/02\/01\/brasil-deve-receber-cerca-de-14-milhoes-de-doses-da-vacina-astrazeneca-contra-a-covid-19-neste-mes\/","title":{"rendered":"Brasil deve receber cerca de 14 milh\u00f5es de doses da vacina AstraZeneca contra a Covid-19 neste m\u00eas"},"content":{"rendered":"\n<p>O Minist\u00e9rio da Sa\u00fade afirmou ter recebido uma carta do cons\u00f3rcio internacional Covax Facility com as informa\u00e7\u00f5es sobre o repasse dessas doses<\/p>\n\n\n\n<p>O Brasil deve receber, em fevereiro, entre 10 e 14 milh\u00f5es de doses da vacina produzida pela AstraZeneca-Oxford contra a covid-19. Essas s\u00e3o informa\u00e7\u00f5es repassadas pelo Minist\u00e9rio da Sa\u00fade na \u00faltima semana, em que afirmou ter recebido uma carta do cons\u00f3rcio internacional Covax Facility com as informa\u00e7\u00f5es sobre o repasse de doses.<\/p>\n\n\n\n<p>S\u00e3o 191 pa\u00edses fazendo parte da Covax Facility, dentre eles o Brasil. O grupo faz parte de uma alian\u00e7a global da Organiza\u00e7\u00e3o Mundial da Sa\u00fade (OMS) para garantir acesso ao imunizante. Al\u00e9m disso, o governo federal possui parceria direta com o laborat\u00f3rio AstraZeneca e a Universidade de Oxford para produ\u00e7\u00e3o de vacinas, por meio da Funda\u00e7\u00e3o Osvaldo Cruz, e com o Instituto Butantan, respons\u00e1vel pela CoronaVac.<\/p>\n\n\n\n<p>Fonte: <a href=\"https:\/\/brasil61.com\/noticias\/brasil-deve-receber-cerca-de-14-milhoes-de-doses-da-vacina-astrazeneca-contra-a-covid-19-neste-mes-bras213648?email=bethdeoliveira@yahoo.com.br&amp;utm_source=newsletter&amp;utm_medium=newsletter&amp;utm_campaign=newsletter\" target=\"_blank\" rel=\"noreferrer noopener\">Brasil 61<\/a><\/p>\n","protected":false},"excerpt":{"rendered":"<p>O Minist\u00e9rio da Sa\u00fade afirmou ter recebido uma carta do cons\u00f3rcio internacional Covax Facility com<\/p>\n","protected":false},"author":2,"featured_media":10061,"comment_status":"open","ping_status":"open","sticky":false,"template":"","format":"standard","meta":{"footnotes":""},"categories":[17],"tags":[],"class_list":["post-10060","post","type-post","status-publish","format-standard","has-post-thumbnail","hentry","category-outras-noticias"],"_links":{"self":[{"href":"https:\/\/tvc16.com\/portal\/wp-json\/wp\/v2\/posts\/10060","targetHints":{"allow":["GET"]}}],"collection":[{"href":"https:\/\/tvc16.com\/portal\/wp-json\/wp\/v2\/posts"}],"about":[{"href":"https:\/\/tvc16.com\/portal\/wp-json\/wp\/v2\/types\/post"}],"author":[{"embeddable":true,"href":"https:\/\/tvc16.com\/portal\/wp-json\/wp\/v2\/users\/2"}],"replies":[{"embeddable":true,"href":"https:\/\/tvc16.com\/portal\/wp-json\/wp\/v2\/comments?post=10060"}],"version-history":[{"count":1,"href":"https:\/\/tvc16.com\/portal\/wp-json\/wp\/v2\/posts\/10060\/revisions"}],"predecessor-version":[{"id":10062,"href":"https:\/\/tvc16.com\/portal\/wp-json\/wp\/v2\/posts\/10060\/revisions\/10062"}],"wp:featuredmedia":[{"embeddable":true,"href":"https:\/\/tvc16.com\/portal\/wp-json\/wp\/v2\/media\/10061"}],"wp:attachment":[{"href":"https:\/\/tvc16.com\/portal\/wp-json\/wp\/v2\/media?parent=10060"}],"wp:term":[{"taxonomy":"category","embeddable":true,"href":"https:\/\/tvc16.com\/portal\/wp-json\/wp\/v2\/categories?post=10060"},{"taxonomy":"post_tag","embeddable":true,"href":"https:\/\/tvc16.com\/portal\/wp-json\/wp\/v2\/tags?post=10060"}],"curies":[{"name":"wp","href":"https:\/\/api.w.org\/{rel}","templated":true}]}}